{"id":1148,"date":"2021-06-21T11:06:00","date_gmt":"2021-06-21T09:06:00","guid":{"rendered":"https:\/\/dev.adfr.it\/dimarco\/?p=1148"},"modified":"2025-04-01T16:00:47","modified_gmt":"2025-04-01T14:00:47","slug":"die-stadt-der-pizza-das-ereignis-des-neustarts","status":"publish","type":"post","link":"https:\/\/www.dimarco.it\/de\/notizie\/la-citta-della-pizza-levento-della-ripartenza","title":{"rendered":"Die Stadt der Pizza, das Neustart-Event"},"content":{"rendered":"<p><em>Im Juni fand in Rom die \u201eCity of Pizza\u201c statt: eine Veranstaltung rund um den Geschmack, die den Neustart der Veranstaltungen in der Branche markierte<br><\/em>Der Olymp der italienischen Pizzab\u00e4cker versammelte sich in Rom zur Veranstaltung La <strong>Stadt der Pizza<\/strong> die vom 18. bis 20. Juni stattfand. <\/p>\n\n\n\n<p>Ein wichtiger Anlass, der den Neustart der Veranstaltungen f\u00fcr die Branche markierte: Auch bei der Ausgabe 2021 waren wir mit einem Bereich vertreten, der unserem Flaggschiff gewidmet war, dem<strong> Roman Pinsa<\/strong>.<\/p>\n\n\n\n<p>Auf der B\u00fchne w\u00e4hrend dieser Veranstaltung gab es mehr als 60 Pizzab\u00e4cker und unter ihnen ein Team von Meister-Pinsaioli direkt aus unserem <em>Urspr\u00fcngliche r\u00f6mische Pinsa-Vereinigung<\/em>: Marco Montuori, Domenico De Rosa, Cristina Cipriani, Daniele Papa, Danilo Orsini, Amedeo Di Segni und Francesco Disperso waren die Protagonisten eines Bereichs, der den Werkst\u00e4tten und Labors auf Pinsa gewidmet war.<\/p>\n\n\n\n<p>Die \u201eCity of Pizza\u201c war ein wichtiger Moment, da hier alle wichtigen Fachleute aus der Welt der Pizzerien wieder zusammenkamen, weil sie von dem enormen Wunsch getrieben waren, die Motoren wieder in Gang zu setzen und sich erneut zu treffen. <\/p>\n\n\n\n<p>Die Resonanz des Publikums war hervorragend: Trotz der durch den Gesundheitsnotstand bedingten Einschr\u00e4nkungen und der begrenzten Zutrittszahlen nahmen viele alteingesessene und neue Fans an der Veranstaltung teil und zeigten wie schon bei den vergangenen Ausgaben Begeisterung und Interesse.<\/p>\n\n\n\n<p>W\u00e4hrend der Veranstaltung gab es auch eine <strong>Stand Up Pizza<\/strong>, der Wettbewerb f\u00fcr aufstrebende Pizzab\u00e4cker, der dank der Zusammenarbeit mit Luciana Squadrilli ins Leben gerufen wurde. Der Gewinner war Raoul Rotundo von der Pizzeria Fiori di Zucca in Rom mit einer \u201eneapolitanischen\u201c Pizza mit au\u00dfergew\u00f6hnlichen Zutaten: Provola, Mangalica-Speck, Pecorino erborinato Scorzo Nera von Gregorio Rotolo und violette Artischocke aus Castellammare.<\/p>\n\n\n\n<p>Schlie\u00dflich war die Veranstaltung auch die Gelegenheit, den Beginn des Gesetzgebungsprozesses vorzustellen, der von <strong>AVPN \u2013 Echte Neapolitanische Pizza-Vereinigung<\/strong> zur rechtlichen und beruflichen Anerkennung der Figur des Pizzab\u00e4ckers.<\/p>\n\n\n\n<p>Wir sind sehr stolz, nach den zahlreichen Schwierigkeiten aufgrund des weltweiten Gesundheitsnotstands im Zusammenhang mit der Covid-19-Pandemie an einer Veranstaltung teilgenommen zu haben: Dies ist ein wichtiges Signal f\u00fcr die Branche, das zeigt, wie wichtig es ist, sich wieder zu treffen und gemeinsam nach der Zukunft der Restaurantberufe zu blicken.<\/p>","protected":false},"excerpt":{"rendered":"<p>Si \u00e8 tenuto a Roma nel mese di giugno La citt\u00e0 della Pizza: un evento all\u2019insegna del gusto che ha visto la ripartenza degli eventi del settoreL\u2019Olimpo dei pizzaioli d\u2019Italia si \u00e8 riunito a Roma per l\u2019evento La Citt\u00e0 della Pizza che si \u00e8 tenuto dal 18 al 20 giugno. Un\u2019occasione importante che ha segnato [&hellip;]<\/p>\n","protected":false},"author":1,"featured_media":1149,"comment_status":"closed","ping_status":"open","sticky":false,"template":"","format":"standard","meta":{"footnotes":""},"categories":[52],"tags":[],"class_list":["post-1148","post","type-post","status-publish","format-standard","has-post-thumbnail","hentry","category-notizie"],"yoast_head":"<!-- This site is optimized with the Yoast SEO plugin v27.5 - https:\/\/yoast.com\/product\/yoast-seo-wordpress\/ -->\n<title>La citt\u00e0 della Pizza, l\u2019evento della ripartenza - Di Marco<\/title>\n<meta name=\"description\" content=\"Si \u00e8 tenuto a Roma nel mese di giugno La citt\u00e0 della Pizza: un evento all\u2019insegna del gusto che ha visto la ripartenza degli eventi del settore\" \/>\n<meta name=\"robots\" content=\"index, follow, max-snippet:-1, max-image-preview:large, max-video-preview:-1\" \/>\n<link rel=\"canonical\" href=\"https:\/\/www.dimarco.it\/de\/nachricht\/die-stadt-der-pizza-das-ereignis-des-neustarts\/\" \/>\n<meta property=\"og:locale\" content=\"de_DE\" \/>\n<meta property=\"og:type\" content=\"article\" \/>\n<meta property=\"og:title\" content=\"La citt\u00e0 della Pizza, l\u2019evento della ripartenza - Di Marco\" \/>\n<meta property=\"og:description\" content=\"Si \u00e8 tenuto a Roma nel mese di giugno La citt\u00e0 della Pizza: un evento all\u2019insegna del gusto che ha visto la ripartenza degli eventi del settore\" \/>\n<meta property=\"og:url\" content=\"https:\/\/www.dimarco.it\/de\/nachricht\/die-stadt-der-pizza-das-ereignis-des-neustarts\/\" \/>\n<meta property=\"og:site_name\" content=\"Di Marco\" \/>\n<meta property=\"article:published_time\" content=\"2021-06-21T09:06:00+00:00\" \/>\n<meta property=\"article:modified_time\" content=\"2025-04-01T14:00:47+00:00\" \/>\n<meta property=\"og:image\" content=\"https:\/\/www.dimarco.it\/wp-content\/uploads\/2025\/01\/citta-pizza-evento.jpg\" \/>\n\t<meta property=\"og:image:width\" content=\"1200\" \/>\n\t<meta property=\"og:image:height\" content=\"630\" \/>\n\t<meta property=\"og:image:type\" content=\"image\/jpeg\" \/>\n<meta name=\"author\" content=\"DiMarcAdmin\" \/>\n<meta name=\"twitter:card\" content=\"summary_large_image\" \/>\n<meta name=\"twitter:label1\" content=\"Verfasst von\" \/>\n\t<meta name=\"twitter:data1\" content=\"DiMarcAdmin\" \/>\n\t<meta name=\"twitter:label2\" content=\"Gesch\u00e4tzte Lesezeit\" \/>\n\t<meta name=\"twitter:data2\" content=\"3\u00a0Minuten\" \/>\n<script type=\"application\/ld+json\" class=\"yoast-schema-graph\">{\"@context\":\"https:\\\/\\\/schema.org\",\"@graph\":[{\"@type\":\"Article\",\"@id\":\"https:\\\/\\\/www.dimarco.it\\\/notizie\\\/la-citta-della-pizza-levento-della-ripartenza#article\",\"isPartOf\":{\"@id\":\"https:\\\/\\\/www.dimarco.it\\\/notizie\\\/la-citta-della-pizza-levento-della-ripartenza\"},\"author\":{\"name\":\"DiMarcAdmin\",\"@id\":\"https:\\\/\\\/www.dimarco.it\\\/#\\\/schema\\\/person\\\/1f5d7270668e519d817b3cae0a1eb5ec\"},\"headline\":\"La citt\u00e0 della Pizza, l\u2019evento della ripartenza\",\"datePublished\":\"2021-06-21T09:06:00+00:00\",\"dateModified\":\"2025-04-01T14:00:47+00:00\",\"mainEntityOfPage\":{\"@id\":\"https:\\\/\\\/www.dimarco.it\\\/notizie\\\/la-citta-della-pizza-levento-della-ripartenza\"},\"wordCount\":353,\"publisher\":{\"@id\":\"https:\\\/\\\/www.dimarco.it\\\/#organization\"},\"image\":{\"@id\":\"https:\\\/\\\/www.dimarco.it\\\/notizie\\\/la-citta-della-pizza-levento-della-ripartenza#primaryimage\"},\"thumbnailUrl\":\"https:\\\/\\\/www.dimarco.it\\\/wp-content\\\/uploads\\\/2025\\\/01\\\/citta-pizza-evento.jpg\",\"articleSection\":[\"Notizie\"],\"inLanguage\":\"de\"},{\"@type\":\"WebPage\",\"@id\":\"https:\\\/\\\/www.dimarco.it\\\/notizie\\\/la-citta-della-pizza-levento-della-ripartenza\",\"url\":\"https:\\\/\\\/www.dimarco.it\\\/notizie\\\/la-citta-della-pizza-levento-della-ripartenza\",\"name\":\"La citt\u00e0 della Pizza, l\u2019evento della ripartenza - Di Marco\",\"isPartOf\":{\"@id\":\"https:\\\/\\\/www.dimarco.it\\\/#website\"},\"primaryImageOfPage\":{\"@id\":\"https:\\\/\\\/www.dimarco.it\\\/notizie\\\/la-citta-della-pizza-levento-della-ripartenza#primaryimage\"},\"image\":{\"@id\":\"https:\\\/\\\/www.dimarco.it\\\/notizie\\\/la-citta-della-pizza-levento-della-ripartenza#primaryimage\"},\"thumbnailUrl\":\"https:\\\/\\\/www.dimarco.it\\\/wp-content\\\/uploads\\\/2025\\\/01\\\/citta-pizza-evento.jpg\",\"datePublished\":\"2021-06-21T09:06:00+00:00\",\"dateModified\":\"2025-04-01T14:00:47+00:00\",\"description\":\"Si \u00e8 tenuto a Roma nel mese di giugno La citt\u00e0 della Pizza: un evento all\u2019insegna del gusto che ha visto la ripartenza degli eventi del settore\",\"breadcrumb\":{\"@id\":\"https:\\\/\\\/www.dimarco.it\\\/notizie\\\/la-citta-della-pizza-levento-della-ripartenza#breadcrumb\"},\"inLanguage\":\"de\",\"potentialAction\":[{\"@type\":\"ReadAction\",\"target\":[\"https:\\\/\\\/www.dimarco.it\\\/notizie\\\/la-citta-della-pizza-levento-della-ripartenza\"]}]},{\"@type\":\"ImageObject\",\"inLanguage\":\"de\",\"@id\":\"https:\\\/\\\/www.dimarco.it\\\/notizie\\\/la-citta-della-pizza-levento-della-ripartenza#primaryimage\",\"url\":\"https:\\\/\\\/www.dimarco.it\\\/wp-content\\\/uploads\\\/2025\\\/01\\\/citta-pizza-evento.jpg\",\"contentUrl\":\"https:\\\/\\\/www.dimarco.it\\\/wp-content\\\/uploads\\\/2025\\\/01\\\/citta-pizza-evento.jpg\",\"width\":1200,\"height\":630},{\"@type\":\"BreadcrumbList\",\"@id\":\"https:\\\/\\\/www.dimarco.it\\\/notizie\\\/la-citta-della-pizza-levento-della-ripartenza#breadcrumb\",\"itemListElement\":[{\"@type\":\"ListItem\",\"position\":1,\"name\":\"Home\",\"item\":\"https:\\\/\\\/www.dimarco.it\\\/\"},{\"@type\":\"ListItem\",\"position\":2,\"name\":\"La citt\u00e0 della Pizza, l\u2019evento della ripartenza\"}]},{\"@type\":\"WebSite\",\"@id\":\"https:\\\/\\\/www.dimarco.it\\\/#website\",\"url\":\"https:\\\/\\\/www.dimarco.it\\\/\",\"name\":\"Di Marco\",\"description\":\"\",\"publisher\":{\"@id\":\"https:\\\/\\\/www.dimarco.it\\\/#organization\"},\"potentialAction\":[{\"@type\":\"SearchAction\",\"target\":{\"@type\":\"EntryPoint\",\"urlTemplate\":\"https:\\\/\\\/www.dimarco.it\\\/?s={search_term_string}\"},\"query-input\":{\"@type\":\"PropertyValueSpecification\",\"valueRequired\":true,\"valueName\":\"search_term_string\"}}],\"inLanguage\":\"de\"},{\"@type\":\"Organization\",\"@id\":\"https:\\\/\\\/www.dimarco.it\\\/#organization\",\"name\":\"Di Marco\",\"url\":\"https:\\\/\\\/www.dimarco.it\\\/\",\"logo\":{\"@type\":\"ImageObject\",\"inLanguage\":\"de\",\"@id\":\"https:\\\/\\\/www.dimarco.it\\\/#\\\/schema\\\/logo\\\/image\\\/\",\"url\":\"https:\\\/\\\/www.dimarco.it\\\/wp-content\\\/uploads\\\/2024\\\/11\\\/DI-MARCO_LOGO_Corporate-2024Positivo.svg\",\"contentUrl\":\"https:\\\/\\\/www.dimarco.it\\\/wp-content\\\/uploads\\\/2024\\\/11\\\/DI-MARCO_LOGO_Corporate-2024Positivo.svg\",\"width\":338,\"height\":95,\"caption\":\"Di Marco\"},\"image\":{\"@id\":\"https:\\\/\\\/www.dimarco.it\\\/#\\\/schema\\\/logo\\\/image\\\/\"}},{\"@type\":\"Person\",\"@id\":\"https:\\\/\\\/www.dimarco.it\\\/#\\\/schema\\\/person\\\/1f5d7270668e519d817b3cae0a1eb5ec\",\"name\":\"DiMarcAdmin\",\"image\":{\"@type\":\"ImageObject\",\"inLanguage\":\"de\",\"@id\":\"https:\\\/\\\/secure.gravatar.com\\\/avatar\\\/478c03fd22885498819fdc01505a896cee4f1a154787c4dd8a20194c75b2fd3e?s=96&d=mm&r=g\",\"url\":\"https:\\\/\\\/secure.gravatar.com\\\/avatar\\\/478c03fd22885498819fdc01505a896cee4f1a154787c4dd8a20194c75b2fd3e?s=96&d=mm&r=g\",\"contentUrl\":\"https:\\\/\\\/secure.gravatar.com\\\/avatar\\\/478c03fd22885498819fdc01505a896cee4f1a154787c4dd8a20194c75b2fd3e?s=96&d=mm&r=g\",\"caption\":\"DiMarcAdmin\"},\"sameAs\":[\"https:\\\/\\\/dev.adfr.it\\\/dimarco\"],\"url\":\"https:\\\/\\\/www.dimarco.it\\\/de\\\/author\\\/dimarcadmin\"}]}<\/script>\n<!-- \/ Yoast SEO plugin. -->","yoast_head_json":{"title":"Die Stadt der Pizza, das Neustart-Event \u2013 Di Marco","description":"Im Juni fand in Rom die \u201eCity of Pizza\u201c statt: eine Veranstaltung rund um den Geschmack, die den Neustart der Veranstaltungen in der Branche markierte","robots":{"index":"index","follow":"follow","max-snippet":"max-snippet:-1","max-image-preview":"max-image-preview:large","max-video-preview":"max-video-preview:-1"},"canonical":"https:\/\/www.dimarco.it\/de\/nachricht\/die-stadt-der-pizza-das-ereignis-des-neustarts\/","og_locale":"de_DE","og_type":"article","og_title":"La citt\u00e0 della Pizza, l\u2019evento della ripartenza - Di Marco","og_description":"Si \u00e8 tenuto a Roma nel mese di giugno La citt\u00e0 della Pizza: un evento all\u2019insegna del gusto che ha visto la ripartenza degli eventi del settore","og_url":"https:\/\/www.dimarco.it\/de\/nachricht\/die-stadt-der-pizza-das-ereignis-des-neustarts\/","og_site_name":"Di Marco","article_published_time":"2021-06-21T09:06:00+00:00","article_modified_time":"2025-04-01T14:00:47+00:00","og_image":[{"width":1200,"height":630,"url":"https:\/\/www.dimarco.it\/wp-content\/uploads\/2025\/01\/citta-pizza-evento.jpg","type":"image\/jpeg"}],"author":"DiMarcAdmin","twitter_card":"summary_large_image","twitter_misc":{"Verfasst von":"DiMarcAdmin","Gesch\u00e4tzte Lesezeit":"3\u00a0Minuten"},"schema":{"@context":"https:\/\/schema.org","@graph":[{"@type":"Article","@id":"https:\/\/www.dimarco.it\/notizie\/la-citta-della-pizza-levento-della-ripartenza#article","isPartOf":{"@id":"https:\/\/www.dimarco.it\/notizie\/la-citta-della-pizza-levento-della-ripartenza"},"author":{"name":"DiMarcAdmin","@id":"https:\/\/www.dimarco.it\/#\/schema\/person\/1f5d7270668e519d817b3cae0a1eb5ec"},"headline":"La citt\u00e0 della Pizza, l\u2019evento della ripartenza","datePublished":"2021-06-21T09:06:00+00:00","dateModified":"2025-04-01T14:00:47+00:00","mainEntityOfPage":{"@id":"https:\/\/www.dimarco.it\/notizie\/la-citta-della-pizza-levento-della-ripartenza"},"wordCount":353,"publisher":{"@id":"https:\/\/www.dimarco.it\/#organization"},"image":{"@id":"https:\/\/www.dimarco.it\/notizie\/la-citta-della-pizza-levento-della-ripartenza#primaryimage"},"thumbnailUrl":"https:\/\/www.dimarco.it\/wp-content\/uploads\/2025\/01\/citta-pizza-evento.jpg","articleSection":["Notizie"],"inLanguage":"de"},{"@type":"WebPage","@id":"https:\/\/www.dimarco.it\/notizie\/la-citta-della-pizza-levento-della-ripartenza","url":"https:\/\/www.dimarco.it\/notizie\/la-citta-della-pizza-levento-della-ripartenza","name":"Die Stadt der Pizza, das Neustart-Event \u2013 Di Marco","isPartOf":{"@id":"https:\/\/www.dimarco.it\/#website"},"primaryImageOfPage":{"@id":"https:\/\/www.dimarco.it\/notizie\/la-citta-della-pizza-levento-della-ripartenza#primaryimage"},"image":{"@id":"https:\/\/www.dimarco.it\/notizie\/la-citta-della-pizza-levento-della-ripartenza#primaryimage"},"thumbnailUrl":"https:\/\/www.dimarco.it\/wp-content\/uploads\/2025\/01\/citta-pizza-evento.jpg","datePublished":"2021-06-21T09:06:00+00:00","dateModified":"2025-04-01T14:00:47+00:00","description":"Im Juni fand in Rom die \u201eCity of Pizza\u201c statt: eine Veranstaltung rund um den Geschmack, die den Neustart der Veranstaltungen in der Branche markierte","breadcrumb":{"@id":"https:\/\/www.dimarco.it\/notizie\/la-citta-della-pizza-levento-della-ripartenza#breadcrumb"},"inLanguage":"de","potentialAction":[{"@type":"ReadAction","target":["https:\/\/www.dimarco.it\/notizie\/la-citta-della-pizza-levento-della-ripartenza"]}]},{"@type":"ImageObject","inLanguage":"de","@id":"https:\/\/www.dimarco.it\/notizie\/la-citta-della-pizza-levento-della-ripartenza#primaryimage","url":"https:\/\/www.dimarco.it\/wp-content\/uploads\/2025\/01\/citta-pizza-evento.jpg","contentUrl":"https:\/\/www.dimarco.it\/wp-content\/uploads\/2025\/01\/citta-pizza-evento.jpg","width":1200,"height":630},{"@type":"BreadcrumbList","@id":"https:\/\/www.dimarco.it\/notizie\/la-citta-della-pizza-levento-della-ripartenza#breadcrumb","itemListElement":[{"@type":"ListItem","position":1,"name":"Home","item":"https:\/\/www.dimarco.it\/"},{"@type":"ListItem","position":2,"name":"La citt\u00e0 della Pizza, l\u2019evento della ripartenza"}]},{"@type":"WebSite","@id":"https:\/\/www.dimarco.it\/#website","url":"https:\/\/www.dimarco.it\/","name":"Di Marco","description":"","publisher":{"@id":"https:\/\/www.dimarco.it\/#organization"},"potentialAction":[{"@type":"SearchAction","target":{"@type":"EntryPoint","urlTemplate":"https:\/\/www.dimarco.it\/?s={search_term_string}"},"query-input":{"@type":"PropertyValueSpecification","valueRequired":true,"valueName":"search_term_string"}}],"inLanguage":"de"},{"@type":"Organization","@id":"https:\/\/www.dimarco.it\/#organization","name":"Di Marco","url":"https:\/\/www.dimarco.it\/","logo":{"@type":"ImageObject","inLanguage":"de","@id":"https:\/\/www.dimarco.it\/#\/schema\/logo\/image\/","url":"https:\/\/www.dimarco.it\/wp-content\/uploads\/2024\/11\/DI-MARCO_LOGO_Corporate-2024Positivo.svg","contentUrl":"https:\/\/www.dimarco.it\/wp-content\/uploads\/2024\/11\/DI-MARCO_LOGO_Corporate-2024Positivo.svg","width":338,"height":95,"caption":"Di Marco"},"image":{"@id":"https:\/\/www.dimarco.it\/#\/schema\/logo\/image\/"}},{"@type":"Person","@id":"https:\/\/www.dimarco.it\/#\/schema\/person\/1f5d7270668e519d817b3cae0a1eb5ec","name":"VonMarcAdmin","image":{"@type":"ImageObject","inLanguage":"de","@id":"https:\/\/secure.gravatar.com\/avatar\/478c03fd22885498819fdc01505a896cee4f1a154787c4dd8a20194c75b2fd3e?s=96&d=mm&r=g","url":"https:\/\/secure.gravatar.com\/avatar\/478c03fd22885498819fdc01505a896cee4f1a154787c4dd8a20194c75b2fd3e?s=96&d=mm&r=g","contentUrl":"https:\/\/secure.gravatar.com\/avatar\/478c03fd22885498819fdc01505a896cee4f1a154787c4dd8a20194c75b2fd3e?s=96&d=mm&r=g","caption":"DiMarcAdmin"},"sameAs":["https:\/\/dev.adfr.it\/dimarco"],"url":"https:\/\/www.dimarco.it\/de\/author\/dimarcadmin"}]}},"_links":{"self":[{"href":"https:\/\/www.dimarco.it\/de\/wp-json\/wp\/v2\/posts\/1148","targetHints":{"allow":["GET"]}}],"collection":[{"href":"https:\/\/www.dimarco.it\/de\/wp-json\/wp\/v2\/posts"}],"about":[{"href":"https:\/\/www.dimarco.it\/de\/wp-json\/wp\/v2\/types\/post"}],"author":[{"embeddable":true,"href":"https:\/\/www.dimarco.it\/de\/wp-json\/wp\/v2\/users\/1"}],"replies":[{"embeddable":true,"href":"https:\/\/www.dimarco.it\/de\/wp-json\/wp\/v2\/comments?post=1148"}],"version-history":[{"count":0,"href":"https:\/\/www.dimarco.it\/de\/wp-json\/wp\/v2\/posts\/1148\/revisions"}],"wp:featuredmedia":[{"embeddable":true,"href":"https:\/\/www.dimarco.it\/de\/wp-json\/wp\/v2\/media\/1149"}],"wp:attachment":[{"href":"https:\/\/www.dimarco.it\/de\/wp-json\/wp\/v2\/media?parent=1148"}],"wp:term":[{"taxonomy":"category","embeddable":true,"href":"https:\/\/www.dimarco.it\/de\/wp-json\/wp\/v2\/categories?post=1148"},{"taxonomy":"post_tag","embeddable":true,"href":"https:\/\/www.dimarco.it\/de\/wp-json\/wp\/v2\/tags?post=1148"}],"curies":[{"name":"wp","href":"https:\/\/api.w.org\/{rel}","templated":true}]}}