{"id":1241,"date":"2022-03-08T20:57:00","date_gmt":"2022-03-08T19:57:00","guid":{"rendered":"https:\/\/dev.adfr.it\/dimarco\/?p=1241"},"modified":"2025-04-01T16:00:47","modified_gmt":"2025-04-01T14:00:47","slug":"marcos-neuigkeiten-das-neue-mehrkornmehl-wurde-auf-der-sigep-vorgestellt","status":"publish","type":"post","link":"https:\/\/www.dimarco.it\/de\/notizie\/novita-di-marco-la-nuova-farina-multicereali-in-anteprima-a-sigep","title":{"rendered":"Di Marco News: Das neue Mehrkornmehl wurde auf der Sigep vorgestellt"},"content":{"rendered":"<p>Das Jahr 2022 ist f\u00fcr Di Marco wie immer voller spannender und innovativer Neuentwicklungen! Nach der Einf\u00fchrung von zwei neuen Basen <strong>Puccia und Smile<\/strong>Aus unseren Labors in Guidonia Montecelio, etwas au\u00dferhalb von Rom, kommt eine neue Mischung: <strong>Mehrkornmehl<\/strong>.<\/p>\n\n\n\n<p>Die neuen Produkte werden den Fachleuten der Gastronomie in einer Vorschau pr\u00e4sentiert auf <strong>Sigep<\/strong>, die 43. Internationale Ausstellung f\u00fcr handwerklich hergestelltes Speiseeis, Geb\u00e4ck, B\u00e4ckerei und Kaffee, die vom 12. bis 16. M\u00e4rz in Rimini stattfindet.<\/p>\n\n\n\n<h2 class=\"wp-block-heading\">NOCH MEHR GESCHMACK MIT DEM NEUEN DI MARCO MEHRKORNMEHL<\/h2>\n\n\n\n<p>In unserer gro\u00dfen Ausstellungsfl\u00e4che (Halle D2, Stand 047) auf der Sigep pr\u00e4sentieren wir den einzigartigen Geschmack der k\u00f6stlichen Pinsa Romana-Sorten, die Di Marco f\u00fcr die professionelle Gastronomie kreiert hat, und geben eine Vorschau auf das brandneue Mehrkornmehl, das in 25-kg-Formaten f\u00fcr Pinsa, Roman Pizza, Tonda und Teglia erh\u00e4ltlich ist.<\/p>\n\n\n\n<p>Sigep sammelt <strong>Weltklasse-Exzellenz<\/strong> von Rohstoffen und Halbfertigprodukten im Backwarensektor, mit besonderem Augenmerk auf technologischen Innovationen und den neuesten Trends im Cateringbereich \u201eMade in Italy\u201c. <\/p>\n\n\n\n<p>Eine interessante Gelegenheit, die italienischen Unternehmen der B\u00e4ckerei-Lieferkette besser kennenzulernen: Aus diesem Grund darf Di Marco diese Veranstaltung nicht verpassen und bringt seine langj\u00e4hrige Erfahrung mit, die als Eckpfeiler die Gr\u00fcndung und den Erfolg der<strong>Original r\u00f6mische Pinsa<\/strong>.<\/p>\n\n\n\n<h2 class=\"wp-block-heading\">DIE NEUEN PUCCIA- UND SORRISO-BASEN AUF DER SIGEP 2022<\/h2>\n\n\n\n<p>Auf der Veranstaltung in Rimini werden wir auch die beiden neuen Tiefk\u00fchlbasen vorstellen, <strong>Puccia und Smile<\/strong>: arbeitete in <strong>handwerkliche Art und Weise<\/strong> Von den erfahrenen Pinsaioli Di Marco, die sie 72 Stunden lang nat\u00fcrlich aufgehen lassen, werden die beiden neuen Formate dann <strong>von Hand einzeln ausgelegt <\/strong>um schlie\u00dflich \u201egek\u00fchlt\u201c zu werden, damit Geschmack und Duft unver\u00e4ndert bleiben.<\/p>\n\n\n\n<p><strong>L\u00e4cheln<\/strong> Es hat die Form einer halboffenen Schale, bereit, jede F\u00fcllung aufzunehmen und zu verbessern, anstatt <strong>Puccia<\/strong> Es weist die typische Form des traditionellen Salento-Brots auf: luftig und ohne Krume, ideal zum W\u00fcrzen nach Ihrem eigenen Geschmack und Ihrer Kreativit\u00e4t.<\/p>\n\n\n\n<p><em>Die Sigep ist eine der f\u00fchrenden internationalen Messen f\u00fcr den Food-Service-Markt. Der perfekte Zeitpunkt, um endlich alle Innovationen, die wir entwickelt haben, um die Welt des professionellen Caterings noch k\u00f6stlicher und attraktiver zu machen, pers\u00f6nlich zu pr\u00e4sentieren.<\/em>: das sind die Worte von <strong>Alberto Di Marco<\/strong>, Handelsdirektor Di Marco, der unsere Begeisterung f\u00fcr die Teilnahme an der Messe gut zum Ausdruck bringen kann.<\/p>\n\n\n\n<p>Wir sehen uns auf der Sigep, wir freuen uns auf Sie!<\/p>","protected":false},"excerpt":{"rendered":"<p>Il 2022 per Di Marco \u00e8 ricco di novit\u00e0 come sempre gustose e innovative! Dopo il lancio delle due nuove basi Puccia e Sorriso, dai nostri laboratori di Guidonia Montecelio, alle porte di Roma, arriva una nuova miscela: la farina Multicereali. Le novit\u00e0 saranno presentate in anteprima ai professionisti del settore ristorativo a Sigep, il [&hellip;]<\/p>\n","protected":false},"author":1,"featured_media":1242,"comment_status":"closed","ping_status":"open","sticky":false,"template":"","format":"standard","meta":{"footnotes":""},"categories":[52],"tags":[],"class_list":["post-1241","post","type-post","status-publish","format-standard","has-post-thumbnail","hentry","category-notizie"],"yoast_head":"<!-- This site is optimized with the Yoast SEO plugin v27.5 - https:\/\/yoast.com\/product\/yoast-seo-wordpress\/ -->\n<title>Novit\u00e0 Di Marco: la nuova Farina Multicereali in anteprima a Sigep - Di Marco<\/title>\n<meta name=\"description\" content=\"Tantissime le novit\u00e0 Di Marco in anteprima a Sigep a Rimini: dalla Farina Multicereali alle nuove basi surgelate Puccia e Sorriso.\" \/>\n<meta name=\"robots\" content=\"index, follow, max-snippet:-1, max-image-preview:large, max-video-preview:-1\" \/>\n<link rel=\"canonical\" href=\"https:\/\/www.dimarco.it\/de\/nachricht\/marcos-neuigkeiten-das-neue-mehrkornmehl-wurde-auf-der-sigep-vorgestellt\/\" \/>\n<meta property=\"og:locale\" content=\"de_DE\" \/>\n<meta property=\"og:type\" content=\"article\" \/>\n<meta property=\"og:title\" content=\"Novit\u00e0 Di Marco: la nuova Farina Multicereali in anteprima a Sigep - Di Marco\" \/>\n<meta property=\"og:description\" content=\"Tantissime le novit\u00e0 Di Marco in anteprima a Sigep a Rimini: dalla Farina Multicereali alle nuove basi surgelate Puccia e Sorriso.\" \/>\n<meta property=\"og:url\" content=\"https:\/\/www.dimarco.it\/de\/nachricht\/marcos-neuigkeiten-das-neue-mehrkornmehl-wurde-auf-der-sigep-vorgestellt\/\" \/>\n<meta property=\"og:site_name\" content=\"Di Marco\" \/>\n<meta property=\"article:published_time\" content=\"2022-03-08T19:57:00+00:00\" \/>\n<meta property=\"article:modified_time\" content=\"2025-04-01T14:00:47+00:00\" \/>\n<meta property=\"og:image\" content=\"https:\/\/www.dimarco.it\/wp-content\/uploads\/2025\/01\/alberto_di_marco_sigep.jpg\" \/>\n\t<meta property=\"og:image:width\" content=\"1200\" \/>\n\t<meta property=\"og:image:height\" content=\"630\" \/>\n\t<meta property=\"og:image:type\" content=\"image\/jpeg\" \/>\n<meta name=\"author\" content=\"DiMarcAdmin\" \/>\n<meta name=\"twitter:card\" content=\"summary_large_image\" \/>\n<meta name=\"twitter:label1\" content=\"Verfasst von\" \/>\n\t<meta name=\"twitter:data1\" content=\"DiMarcAdmin\" \/>\n\t<meta name=\"twitter:label2\" content=\"Gesch\u00e4tzte Lesezeit\" \/>\n\t<meta name=\"twitter:data2\" content=\"3\u00a0Minuten\" \/>\n<script type=\"application\/ld+json\" class=\"yoast-schema-graph\">{\"@context\":\"https:\\\/\\\/schema.org\",\"@graph\":[{\"@type\":\"Article\",\"@id\":\"https:\\\/\\\/www.dimarco.it\\\/notizie\\\/novita-di-marco-la-nuova-farina-multicereali-in-anteprima-a-sigep#article\",\"isPartOf\":{\"@id\":\"https:\\\/\\\/www.dimarco.it\\\/notizie\\\/novita-di-marco-la-nuova-farina-multicereali-in-anteprima-a-sigep\"},\"author\":{\"name\":\"DiMarcAdmin\",\"@id\":\"https:\\\/\\\/www.dimarco.it\\\/#\\\/schema\\\/person\\\/1f5d7270668e519d817b3cae0a1eb5ec\"},\"headline\":\"Novit\u00e0 Di Marco: la nuova Farina Multicereali in anteprima a Sigep\",\"datePublished\":\"2022-03-08T19:57:00+00:00\",\"dateModified\":\"2025-04-01T14:00:47+00:00\",\"mainEntityOfPage\":{\"@id\":\"https:\\\/\\\/www.dimarco.it\\\/notizie\\\/novita-di-marco-la-nuova-farina-multicereali-in-anteprima-a-sigep\"},\"wordCount\":384,\"publisher\":{\"@id\":\"https:\\\/\\\/www.dimarco.it\\\/#organization\"},\"image\":{\"@id\":\"https:\\\/\\\/www.dimarco.it\\\/notizie\\\/novita-di-marco-la-nuova-farina-multicereali-in-anteprima-a-sigep#primaryimage\"},\"thumbnailUrl\":\"https:\\\/\\\/www.dimarco.it\\\/wp-content\\\/uploads\\\/2025\\\/01\\\/alberto_di_marco_sigep.jpg\",\"articleSection\":[\"Notizie\"],\"inLanguage\":\"de\"},{\"@type\":\"WebPage\",\"@id\":\"https:\\\/\\\/www.dimarco.it\\\/notizie\\\/novita-di-marco-la-nuova-farina-multicereali-in-anteprima-a-sigep\",\"url\":\"https:\\\/\\\/www.dimarco.it\\\/notizie\\\/novita-di-marco-la-nuova-farina-multicereali-in-anteprima-a-sigep\",\"name\":\"Novit\u00e0 Di Marco: la nuova Farina Multicereali in anteprima a Sigep - Di Marco\",\"isPartOf\":{\"@id\":\"https:\\\/\\\/www.dimarco.it\\\/#website\"},\"primaryImageOfPage\":{\"@id\":\"https:\\\/\\\/www.dimarco.it\\\/notizie\\\/novita-di-marco-la-nuova-farina-multicereali-in-anteprima-a-sigep#primaryimage\"},\"image\":{\"@id\":\"https:\\\/\\\/www.dimarco.it\\\/notizie\\\/novita-di-marco-la-nuova-farina-multicereali-in-anteprima-a-sigep#primaryimage\"},\"thumbnailUrl\":\"https:\\\/\\\/www.dimarco.it\\\/wp-content\\\/uploads\\\/2025\\\/01\\\/alberto_di_marco_sigep.jpg\",\"datePublished\":\"2022-03-08T19:57:00+00:00\",\"dateModified\":\"2025-04-01T14:00:47+00:00\",\"description\":\"Tantissime le novit\u00e0 Di Marco in anteprima a Sigep a Rimini: dalla Farina Multicereali alle nuove basi surgelate Puccia e Sorriso.\",\"breadcrumb\":{\"@id\":\"https:\\\/\\\/www.dimarco.it\\\/notizie\\\/novita-di-marco-la-nuova-farina-multicereali-in-anteprima-a-sigep#breadcrumb\"},\"inLanguage\":\"de\",\"potentialAction\":[{\"@type\":\"ReadAction\",\"target\":[\"https:\\\/\\\/www.dimarco.it\\\/notizie\\\/novita-di-marco-la-nuova-farina-multicereali-in-anteprima-a-sigep\"]}]},{\"@type\":\"ImageObject\",\"inLanguage\":\"de\",\"@id\":\"https:\\\/\\\/www.dimarco.it\\\/notizie\\\/novita-di-marco-la-nuova-farina-multicereali-in-anteprima-a-sigep#primaryimage\",\"url\":\"https:\\\/\\\/www.dimarco.it\\\/wp-content\\\/uploads\\\/2025\\\/01\\\/alberto_di_marco_sigep.jpg\",\"contentUrl\":\"https:\\\/\\\/www.dimarco.it\\\/wp-content\\\/uploads\\\/2025\\\/01\\\/alberto_di_marco_sigep.jpg\",\"width\":1200,\"height\":630,\"caption\":\"alberto_di_marco_sigep\"},{\"@type\":\"BreadcrumbList\",\"@id\":\"https:\\\/\\\/www.dimarco.it\\\/notizie\\\/novita-di-marco-la-nuova-farina-multicereali-in-anteprima-a-sigep#breadcrumb\",\"itemListElement\":[{\"@type\":\"ListItem\",\"position\":1,\"name\":\"Home\",\"item\":\"https:\\\/\\\/www.dimarco.it\\\/\"},{\"@type\":\"ListItem\",\"position\":2,\"name\":\"Novit\u00e0 Di Marco: la nuova Farina Multicereali in anteprima a Sigep\"}]},{\"@type\":\"WebSite\",\"@id\":\"https:\\\/\\\/www.dimarco.it\\\/#website\",\"url\":\"https:\\\/\\\/www.dimarco.it\\\/\",\"name\":\"Di Marco\",\"description\":\"\",\"publisher\":{\"@id\":\"https:\\\/\\\/www.dimarco.it\\\/#organization\"},\"potentialAction\":[{\"@type\":\"SearchAction\",\"target\":{\"@type\":\"EntryPoint\",\"urlTemplate\":\"https:\\\/\\\/www.dimarco.it\\\/?s={search_term_string}\"},\"query-input\":{\"@type\":\"PropertyValueSpecification\",\"valueRequired\":true,\"valueName\":\"search_term_string\"}}],\"inLanguage\":\"de\"},{\"@type\":\"Organization\",\"@id\":\"https:\\\/\\\/www.dimarco.it\\\/#organization\",\"name\":\"Di Marco\",\"url\":\"https:\\\/\\\/www.dimarco.it\\\/\",\"logo\":{\"@type\":\"ImageObject\",\"inLanguage\":\"de\",\"@id\":\"https:\\\/\\\/www.dimarco.it\\\/#\\\/schema\\\/logo\\\/image\\\/\",\"url\":\"https:\\\/\\\/www.dimarco.it\\\/wp-content\\\/uploads\\\/2024\\\/11\\\/DI-MARCO_LOGO_Corporate-2024Positivo.svg\",\"contentUrl\":\"https:\\\/\\\/www.dimarco.it\\\/wp-content\\\/uploads\\\/2024\\\/11\\\/DI-MARCO_LOGO_Corporate-2024Positivo.svg\",\"width\":338,\"height\":95,\"caption\":\"Di Marco\"},\"image\":{\"@id\":\"https:\\\/\\\/www.dimarco.it\\\/#\\\/schema\\\/logo\\\/image\\\/\"}},{\"@type\":\"Person\",\"@id\":\"https:\\\/\\\/www.dimarco.it\\\/#\\\/schema\\\/person\\\/1f5d7270668e519d817b3cae0a1eb5ec\",\"name\":\"DiMarcAdmin\",\"image\":{\"@type\":\"ImageObject\",\"inLanguage\":\"de\",\"@id\":\"https:\\\/\\\/secure.gravatar.com\\\/avatar\\\/478c03fd22885498819fdc01505a896cee4f1a154787c4dd8a20194c75b2fd3e?s=96&d=mm&r=g\",\"url\":\"https:\\\/\\\/secure.gravatar.com\\\/avatar\\\/478c03fd22885498819fdc01505a896cee4f1a154787c4dd8a20194c75b2fd3e?s=96&d=mm&r=g\",\"contentUrl\":\"https:\\\/\\\/secure.gravatar.com\\\/avatar\\\/478c03fd22885498819fdc01505a896cee4f1a154787c4dd8a20194c75b2fd3e?s=96&d=mm&r=g\",\"caption\":\"DiMarcAdmin\"},\"sameAs\":[\"https:\\\/\\\/dev.adfr.it\\\/dimarco\"],\"url\":\"https:\\\/\\\/www.dimarco.it\\\/de\\\/author\\\/dimarcadmin\"}]}<\/script>\n<!-- \/ Yoast SEO plugin. -->","yoast_head_json":{"title":"Di Marco-Neuigkeiten: Das neue Mehrkornmehl wurde auf der Sigep vorgestellt - Di Marco","description":"Auf der Sigep in Rimini wurden viele neue Produkte von Di Marco vorgestellt: vom Mehrkornmehl bis zu den neuen Tiefk\u00fchlgrundlagen Puccia und Sorriso.","robots":{"index":"index","follow":"follow","max-snippet":"max-snippet:-1","max-image-preview":"max-image-preview:large","max-video-preview":"max-video-preview:-1"},"canonical":"https:\/\/www.dimarco.it\/de\/nachricht\/marcos-neuigkeiten-das-neue-mehrkornmehl-wurde-auf-der-sigep-vorgestellt\/","og_locale":"de_DE","og_type":"article","og_title":"Novit\u00e0 Di Marco: la nuova Farina Multicereali in anteprima a Sigep - Di Marco","og_description":"Tantissime le novit\u00e0 Di Marco in anteprima a Sigep a Rimini: dalla Farina Multicereali alle nuove basi surgelate Puccia e Sorriso.","og_url":"https:\/\/www.dimarco.it\/de\/nachricht\/marcos-neuigkeiten-das-neue-mehrkornmehl-wurde-auf-der-sigep-vorgestellt\/","og_site_name":"Di Marco","article_published_time":"2022-03-08T19:57:00+00:00","article_modified_time":"2025-04-01T14:00:47+00:00","og_image":[{"width":1200,"height":630,"url":"https:\/\/www.dimarco.it\/wp-content\/uploads\/2025\/01\/alberto_di_marco_sigep.jpg","type":"image\/jpeg"}],"author":"DiMarcAdmin","twitter_card":"summary_large_image","twitter_misc":{"Verfasst von":"DiMarcAdmin","Gesch\u00e4tzte Lesezeit":"3\u00a0Minuten"},"schema":{"@context":"https:\/\/schema.org","@graph":[{"@type":"Article","@id":"https:\/\/www.dimarco.it\/notizie\/novita-di-marco-la-nuova-farina-multicereali-in-anteprima-a-sigep#article","isPartOf":{"@id":"https:\/\/www.dimarco.it\/notizie\/novita-di-marco-la-nuova-farina-multicereali-in-anteprima-a-sigep"},"author":{"name":"DiMarcAdmin","@id":"https:\/\/www.dimarco.it\/#\/schema\/person\/1f5d7270668e519d817b3cae0a1eb5ec"},"headline":"Novit\u00e0 Di Marco: la nuova Farina Multicereali in anteprima a Sigep","datePublished":"2022-03-08T19:57:00+00:00","dateModified":"2025-04-01T14:00:47+00:00","mainEntityOfPage":{"@id":"https:\/\/www.dimarco.it\/notizie\/novita-di-marco-la-nuova-farina-multicereali-in-anteprima-a-sigep"},"wordCount":384,"publisher":{"@id":"https:\/\/www.dimarco.it\/#organization"},"image":{"@id":"https:\/\/www.dimarco.it\/notizie\/novita-di-marco-la-nuova-farina-multicereali-in-anteprima-a-sigep#primaryimage"},"thumbnailUrl":"https:\/\/www.dimarco.it\/wp-content\/uploads\/2025\/01\/alberto_di_marco_sigep.jpg","articleSection":["Notizie"],"inLanguage":"de"},{"@type":"WebPage","@id":"https:\/\/www.dimarco.it\/notizie\/novita-di-marco-la-nuova-farina-multicereali-in-anteprima-a-sigep","url":"https:\/\/www.dimarco.it\/notizie\/novita-di-marco-la-nuova-farina-multicereali-in-anteprima-a-sigep","name":"Di Marco-Neuigkeiten: Das neue Mehrkornmehl wurde auf der Sigep vorgestellt - Di Marco","isPartOf":{"@id":"https:\/\/www.dimarco.it\/#website"},"primaryImageOfPage":{"@id":"https:\/\/www.dimarco.it\/notizie\/novita-di-marco-la-nuova-farina-multicereali-in-anteprima-a-sigep#primaryimage"},"image":{"@id":"https:\/\/www.dimarco.it\/notizie\/novita-di-marco-la-nuova-farina-multicereali-in-anteprima-a-sigep#primaryimage"},"thumbnailUrl":"https:\/\/www.dimarco.it\/wp-content\/uploads\/2025\/01\/alberto_di_marco_sigep.jpg","datePublished":"2022-03-08T19:57:00+00:00","dateModified":"2025-04-01T14:00:47+00:00","description":"Auf der Sigep in Rimini wurden viele neue Produkte von Di Marco vorgestellt: vom Mehrkornmehl bis zu den neuen Tiefk\u00fchlgrundlagen Puccia und Sorriso.","breadcrumb":{"@id":"https:\/\/www.dimarco.it\/notizie\/novita-di-marco-la-nuova-farina-multicereali-in-anteprima-a-sigep#breadcrumb"},"inLanguage":"de","potentialAction":[{"@type":"ReadAction","target":["https:\/\/www.dimarco.it\/notizie\/novita-di-marco-la-nuova-farina-multicereali-in-anteprima-a-sigep"]}]},{"@type":"ImageObject","inLanguage":"de","@id":"https:\/\/www.dimarco.it\/notizie\/novita-di-marco-la-nuova-farina-multicereali-in-anteprima-a-sigep#primaryimage","url":"https:\/\/www.dimarco.it\/wp-content\/uploads\/2025\/01\/alberto_di_marco_sigep.jpg","contentUrl":"https:\/\/www.dimarco.it\/wp-content\/uploads\/2025\/01\/alberto_di_marco_sigep.jpg","width":1200,"height":630,"caption":"alberto_di_marco_sigep"},{"@type":"BreadcrumbList","@id":"https:\/\/www.dimarco.it\/notizie\/novita-di-marco-la-nuova-farina-multicereali-in-anteprima-a-sigep#breadcrumb","itemListElement":[{"@type":"ListItem","position":1,"name":"Home","item":"https:\/\/www.dimarco.it\/"},{"@type":"ListItem","position":2,"name":"Novit\u00e0 Di Marco: la nuova Farina Multicereali in anteprima a Sigep"}]},{"@type":"WebSite","@id":"https:\/\/www.dimarco.it\/#website","url":"https:\/\/www.dimarco.it\/","name":"Di Marco","description":"","publisher":{"@id":"https:\/\/www.dimarco.it\/#organization"},"potentialAction":[{"@type":"SearchAction","target":{"@type":"EntryPoint","urlTemplate":"https:\/\/www.dimarco.it\/?s={search_term_string}"},"query-input":{"@type":"PropertyValueSpecification","valueRequired":true,"valueName":"search_term_string"}}],"inLanguage":"de"},{"@type":"Organization","@id":"https:\/\/www.dimarco.it\/#organization","name":"Di Marco","url":"https:\/\/www.dimarco.it\/","logo":{"@type":"ImageObject","inLanguage":"de","@id":"https:\/\/www.dimarco.it\/#\/schema\/logo\/image\/","url":"https:\/\/www.dimarco.it\/wp-content\/uploads\/2024\/11\/DI-MARCO_LOGO_Corporate-2024Positivo.svg","contentUrl":"https:\/\/www.dimarco.it\/wp-content\/uploads\/2024\/11\/DI-MARCO_LOGO_Corporate-2024Positivo.svg","width":338,"height":95,"caption":"Di Marco"},"image":{"@id":"https:\/\/www.dimarco.it\/#\/schema\/logo\/image\/"}},{"@type":"Person","@id":"https:\/\/www.dimarco.it\/#\/schema\/person\/1f5d7270668e519d817b3cae0a1eb5ec","name":"VonMarcAdmin","image":{"@type":"ImageObject","inLanguage":"de","@id":"https:\/\/secure.gravatar.com\/avatar\/478c03fd22885498819fdc01505a896cee4f1a154787c4dd8a20194c75b2fd3e?s=96&d=mm&r=g","url":"https:\/\/secure.gravatar.com\/avatar\/478c03fd22885498819fdc01505a896cee4f1a154787c4dd8a20194c75b2fd3e?s=96&d=mm&r=g","contentUrl":"https:\/\/secure.gravatar.com\/avatar\/478c03fd22885498819fdc01505a896cee4f1a154787c4dd8a20194c75b2fd3e?s=96&d=mm&r=g","caption":"DiMarcAdmin"},"sameAs":["https:\/\/dev.adfr.it\/dimarco"],"url":"https:\/\/www.dimarco.it\/de\/author\/dimarcadmin"}]}},"_links":{"self":[{"href":"https:\/\/www.dimarco.it\/de\/wp-json\/wp\/v2\/posts\/1241","targetHints":{"allow":["GET"]}}],"collection":[{"href":"https:\/\/www.dimarco.it\/de\/wp-json\/wp\/v2\/posts"}],"about":[{"href":"https:\/\/www.dimarco.it\/de\/wp-json\/wp\/v2\/types\/post"}],"author":[{"embeddable":true,"href":"https:\/\/www.dimarco.it\/de\/wp-json\/wp\/v2\/users\/1"}],"replies":[{"embeddable":true,"href":"https:\/\/www.dimarco.it\/de\/wp-json\/wp\/v2\/comments?post=1241"}],"version-history":[{"count":0,"href":"https:\/\/www.dimarco.it\/de\/wp-json\/wp\/v2\/posts\/1241\/revisions"}],"wp:featuredmedia":[{"embeddable":true,"href":"https:\/\/www.dimarco.it\/de\/wp-json\/wp\/v2\/media\/1242"}],"wp:attachment":[{"href":"https:\/\/www.dimarco.it\/de\/wp-json\/wp\/v2\/media?parent=1241"}],"wp:term":[{"taxonomy":"category","embeddable":true,"href":"https:\/\/www.dimarco.it\/de\/wp-json\/wp\/v2\/categories?post=1241"},{"taxonomy":"post_tag","embeddable":true,"href":"https:\/\/www.dimarco.it\/de\/wp-json\/wp\/v2\/tags?post=1241"}],"curies":[{"name":"wp","href":"https:\/\/api.w.org\/{rel}","templated":true}]}}