{"id":1263,"date":"2022-05-02T21:34:00","date_gmt":"2022-05-02T19:34:00","guid":{"rendered":"https:\/\/dev.adfr.it\/dimarco\/?p=1263"},"modified":"2025-04-01T16:00:47","modified_gmt":"2025-04-01T14:00:47","slug":"von-marco-bei-cibus-parma-willkommen-im-foodland","status":"publish","type":"post","link":"https:\/\/www.dimarco.it\/de\/notizie\/di-marco-a-cibus-parma-welcome-to-foodland","title":{"rendered":"Di Marco bei Cibus Parma: Willkommen im Foodland!"},"content":{"rendered":"<p>Wir er\u00f6ffnen den Monat Mai mit der Teilnahme an der 21. Ausgabe von <strong>Cibus 2022 in Parma<\/strong>: Wir werden mit einem gro\u00dfen Ausstellungsbereich (Halle 3, Stand C 014) vertreten sein, auf dem wir das Beste unserer<strong> professionelle Mehle<\/strong> f\u00fcr Pizza und Pinsa und alle unsere <strong>Wolkenlinie <\/strong>f\u00fcr den Gro\u00dfvertrieb bestimmt, mit den originalen Pinsa Romana-Basen in den Versionen Classic, Multigrain und Ambient.<\/p>\n\n\n\n<p>W\u00e4hrend der Messe werden die erfahrenen Pinsaioli von Di Marco Pinse Romane in verschiedenen s\u00fc\u00dfen und herzhaften Varianten mit traditionellen und vegetarischen Gew\u00fcrzen herstellen, um den Besuchern von Cibus einen Vorgeschmack auf die Vorz\u00fcge unserer Produkte zu geben.<\/p>\n\n\n\n<h2 class=\"wp-block-heading\">BEI CIBUS MIT DI MARCO PROFESSIONELLEM MEHL<\/h2>\n\n\n\n<p>Auf der Cibus pr\u00e4sentieren wir unser gesamtes Mehlsortiment f\u00fcr den B\u00e4ckerei- und Gastronomiebereich: von Mehlen f\u00fcr die Zubereitung von Pinsa Romana bis hin zu Mehlen f\u00fcr verschiedene Pizzasorten wie <strong>Schaufel<\/strong>, Die <strong>Backblech<\/strong>, Die <strong>Runden<\/strong>bis hin zum neuesten Mehl <strong>Mehrkorn<\/strong>i, f\u00fcr Teige mit rustikalem und vollkornigem Geschmack. <\/p>\n\n\n\n<p>Di Marco Mehle sind das Ergebnis sorgf\u00e4ltiger Forschung zur Auswahl der besten Zutaten und wurden entwickelt, um zu garantieren <strong>Leichtigkeit und hohe Verdaulichkeit<\/strong> des Teiges. <\/p>\n\n\n\n<h2 class=\"wp-block-heading\">VIEL PLATZ F\u00dcR DIE CLOUD LINE<\/h2>\n\n\n\n<p>Gro\u00dfer Wert wird auch auf <strong>Wolke<\/strong>, die Linie der originalen Pinsa Romana-B\u00f6den, die in 5 Minuten im Ofen fertig sind: <strong>Klassische Cloud<\/strong> Und <strong>Mehrkornwolke<\/strong> flankiert vom Neuzugang Di Marco, <strong>Umgebungswolke<\/strong>Diese neueste Version unterscheidet sich von den vorherigen, da sie die erste ist, die bequem au\u00dferhalb des K\u00fchlschranks aufbewahrt werden kann und dabei die Leichtigkeit und Authentizit\u00e4t ihrer speziellen Mischung aus Soja-, Reis- und Weizenmehl und eines langen 72-st\u00fcndigen G\u00e4rprozesses bewahrt.<\/p>\n\n\n\n<p>Pinsa Romana wurde 2001 von Corrado Di Marco erfunden und zeichnet sich durch ihre unverwechselbare l\u00e4ngliche und leicht abgeflachte Form aus. Heute ist sie auf der ganzen Welt weit verbreitet und wird wegen ihres Geschmacks, ihrer hohen Verdaulichkeit und ihrer au\u00dfen knusprigen und innen weichen Textur gesch\u00e4tzt.<\/p>\n\n\n\n<blockquote class=\"wp-block-quote is-layout-flow wp-block-quote-is-layout-flow\">\n<p>\u201eDie Teilnahme an der Cibus mit unseren Mehlen und Pinsa Romana-Grundlagen im Herzen des Food Valley ist eine wichtige Gelegenheit, die Beziehungen zu K\u00e4ufern zu st\u00e4rken und unsere Produkte im professionellen Sektor und im gro\u00dfen Einzelhandel bekannter zu machen. Wir m\u00f6chten die Qualit\u00e4t unserer Produkte kommunizieren und ihren Geschmack, ihre Vielseitigkeit und ihre Leichtigkeit hervorheben\u201c, kommentierte <strong>Alberto Di Marco<\/strong>, Leitender Vertriebsleiter Di Marco<\/p>\n<\/blockquote>","protected":false},"excerpt":{"rendered":"<p>Apriamo il mese di maggio con la partecipazione alla 21esima edizione di Cibus 2022 a Parma: saremo presenti con una vasta area espositiva (Pad. 3, Stand C 014) che ospiter\u00e0 tutto il meglio delle nostre farine professionali per pizza e Pinsa e tutta la nostra linea Nuvola dedicata alla grande distribuzione, con le basi di [&hellip;]<\/p>\n","protected":false},"author":1,"featured_media":1264,"comment_status":"closed","ping_status":"open","sticky":false,"template":"","format":"standard","meta":{"footnotes":""},"categories":[52],"tags":[],"class_list":["post-1263","post","type-post","status-publish","format-standard","has-post-thumbnail","hentry","category-notizie"],"yoast_head":"<!-- This site is optimized with the Yoast SEO plugin v27.5 - https:\/\/yoast.com\/product\/yoast-seo-wordpress\/ -->\n<title>Di Marco a Cibus Parma: welcome to foodland! - Di Marco<\/title>\n<meta name=\"description\" content=\"Dal 3 al 6 maggio saremo presenti al Salone di Parma con un vasto spazio espositivo nel quale sar\u00e0 possibile conoscere l\u2019ampia gamma di farine professionali e gustare Nuvola.\" \/>\n<meta name=\"robots\" content=\"index, follow, max-snippet:-1, max-image-preview:large, max-video-preview:-1\" \/>\n<link rel=\"canonical\" href=\"https:\/\/www.dimarco.it\/de\/nachricht\/von-marco-bei-cibus-parma-willkommen-im-foodland\/\" \/>\n<meta property=\"og:locale\" content=\"de_DE\" \/>\n<meta property=\"og:type\" content=\"article\" \/>\n<meta property=\"og:title\" content=\"Di Marco a Cibus Parma: welcome to foodland! - Di Marco\" \/>\n<meta property=\"og:description\" content=\"Dal 3 al 6 maggio saremo presenti al Salone di Parma con un vasto spazio espositivo nel quale sar\u00e0 possibile conoscere l\u2019ampia gamma di farine professionali e gustare Nuvola.\" \/>\n<meta property=\"og:url\" content=\"https:\/\/www.dimarco.it\/de\/nachricht\/von-marco-bei-cibus-parma-willkommen-im-foodland\/\" \/>\n<meta property=\"og:site_name\" content=\"Di Marco\" \/>\n<meta property=\"article:published_time\" content=\"2022-05-02T19:34:00+00:00\" \/>\n<meta property=\"article:modified_time\" content=\"2025-04-01T14:00:47+00:00\" \/>\n<meta property=\"og:image\" content=\"https:\/\/www.dimarco.it\/wp-content\/uploads\/2025\/01\/di_marco_cibus_2022.jpg\" \/>\n\t<meta property=\"og:image:width\" content=\"1200\" \/>\n\t<meta property=\"og:image:height\" content=\"630\" \/>\n\t<meta property=\"og:image:type\" content=\"image\/jpeg\" \/>\n<meta name=\"author\" content=\"DiMarcAdmin\" \/>\n<meta name=\"twitter:card\" content=\"summary_large_image\" \/>\n<meta name=\"twitter:label1\" content=\"Verfasst von\" \/>\n\t<meta name=\"twitter:data1\" content=\"DiMarcAdmin\" \/>\n\t<meta name=\"twitter:label2\" content=\"Gesch\u00e4tzte Lesezeit\" \/>\n\t<meta name=\"twitter:data2\" content=\"2\u00a0Minuten\" \/>\n<script type=\"application\/ld+json\" class=\"yoast-schema-graph\">{\"@context\":\"https:\\\/\\\/schema.org\",\"@graph\":[{\"@type\":\"Article\",\"@id\":\"https:\\\/\\\/www.dimarco.it\\\/notizie\\\/di-marco-a-cibus-parma-welcome-to-foodland#article\",\"isPartOf\":{\"@id\":\"https:\\\/\\\/www.dimarco.it\\\/notizie\\\/di-marco-a-cibus-parma-welcome-to-foodland\"},\"author\":{\"name\":\"DiMarcAdmin\",\"@id\":\"https:\\\/\\\/www.dimarco.it\\\/#\\\/schema\\\/person\\\/1f5d7270668e519d817b3cae0a1eb5ec\"},\"headline\":\"Di Marco a Cibus Parma: welcome to foodland!\",\"datePublished\":\"2022-05-02T19:34:00+00:00\",\"dateModified\":\"2025-04-01T14:00:47+00:00\",\"mainEntityOfPage\":{\"@id\":\"https:\\\/\\\/www.dimarco.it\\\/notizie\\\/di-marco-a-cibus-parma-welcome-to-foodland\"},\"wordCount\":389,\"publisher\":{\"@id\":\"https:\\\/\\\/www.dimarco.it\\\/#organization\"},\"image\":{\"@id\":\"https:\\\/\\\/www.dimarco.it\\\/notizie\\\/di-marco-a-cibus-parma-welcome-to-foodland#primaryimage\"},\"thumbnailUrl\":\"https:\\\/\\\/www.dimarco.it\\\/wp-content\\\/uploads\\\/2025\\\/01\\\/di_marco_cibus_2022.jpg\",\"articleSection\":[\"Notizie\"],\"inLanguage\":\"de\"},{\"@type\":\"WebPage\",\"@id\":\"https:\\\/\\\/www.dimarco.it\\\/notizie\\\/di-marco-a-cibus-parma-welcome-to-foodland\",\"url\":\"https:\\\/\\\/www.dimarco.it\\\/notizie\\\/di-marco-a-cibus-parma-welcome-to-foodland\",\"name\":\"Di Marco a Cibus Parma: welcome to foodland! - Di Marco\",\"isPartOf\":{\"@id\":\"https:\\\/\\\/www.dimarco.it\\\/#website\"},\"primaryImageOfPage\":{\"@id\":\"https:\\\/\\\/www.dimarco.it\\\/notizie\\\/di-marco-a-cibus-parma-welcome-to-foodland#primaryimage\"},\"image\":{\"@id\":\"https:\\\/\\\/www.dimarco.it\\\/notizie\\\/di-marco-a-cibus-parma-welcome-to-foodland#primaryimage\"},\"thumbnailUrl\":\"https:\\\/\\\/www.dimarco.it\\\/wp-content\\\/uploads\\\/2025\\\/01\\\/di_marco_cibus_2022.jpg\",\"datePublished\":\"2022-05-02T19:34:00+00:00\",\"dateModified\":\"2025-04-01T14:00:47+00:00\",\"description\":\"Dal 3 al 6 maggio saremo presenti al Salone di Parma con un vasto spazio espositivo nel quale sar\u00e0 possibile conoscere l\u2019ampia gamma di farine professionali e gustare Nuvola.\",\"breadcrumb\":{\"@id\":\"https:\\\/\\\/www.dimarco.it\\\/notizie\\\/di-marco-a-cibus-parma-welcome-to-foodland#breadcrumb\"},\"inLanguage\":\"de\",\"potentialAction\":[{\"@type\":\"ReadAction\",\"target\":[\"https:\\\/\\\/www.dimarco.it\\\/notizie\\\/di-marco-a-cibus-parma-welcome-to-foodland\"]}]},{\"@type\":\"ImageObject\",\"inLanguage\":\"de\",\"@id\":\"https:\\\/\\\/www.dimarco.it\\\/notizie\\\/di-marco-a-cibus-parma-welcome-to-foodland#primaryimage\",\"url\":\"https:\\\/\\\/www.dimarco.it\\\/wp-content\\\/uploads\\\/2025\\\/01\\\/di_marco_cibus_2022.jpg\",\"contentUrl\":\"https:\\\/\\\/www.dimarco.it\\\/wp-content\\\/uploads\\\/2025\\\/01\\\/di_marco_cibus_2022.jpg\",\"width\":1200,\"height\":630,\"caption\":\"di_marco_cibus_2022\"},{\"@type\":\"BreadcrumbList\",\"@id\":\"https:\\\/\\\/www.dimarco.it\\\/notizie\\\/di-marco-a-cibus-parma-welcome-to-foodland#breadcrumb\",\"itemListElement\":[{\"@type\":\"ListItem\",\"position\":1,\"name\":\"Home\",\"item\":\"https:\\\/\\\/www.dimarco.it\\\/\"},{\"@type\":\"ListItem\",\"position\":2,\"name\":\"Di Marco a Cibus Parma: welcome to foodland!\"}]},{\"@type\":\"WebSite\",\"@id\":\"https:\\\/\\\/www.dimarco.it\\\/#website\",\"url\":\"https:\\\/\\\/www.dimarco.it\\\/\",\"name\":\"Di Marco\",\"description\":\"\",\"publisher\":{\"@id\":\"https:\\\/\\\/www.dimarco.it\\\/#organization\"},\"potentialAction\":[{\"@type\":\"SearchAction\",\"target\":{\"@type\":\"EntryPoint\",\"urlTemplate\":\"https:\\\/\\\/www.dimarco.it\\\/?s={search_term_string}\"},\"query-input\":{\"@type\":\"PropertyValueSpecification\",\"valueRequired\":true,\"valueName\":\"search_term_string\"}}],\"inLanguage\":\"de\"},{\"@type\":\"Organization\",\"@id\":\"https:\\\/\\\/www.dimarco.it\\\/#organization\",\"name\":\"Di Marco\",\"url\":\"https:\\\/\\\/www.dimarco.it\\\/\",\"logo\":{\"@type\":\"ImageObject\",\"inLanguage\":\"de\",\"@id\":\"https:\\\/\\\/www.dimarco.it\\\/#\\\/schema\\\/logo\\\/image\\\/\",\"url\":\"https:\\\/\\\/www.dimarco.it\\\/wp-content\\\/uploads\\\/2024\\\/11\\\/DI-MARCO_LOGO_Corporate-2024Positivo.svg\",\"contentUrl\":\"https:\\\/\\\/www.dimarco.it\\\/wp-content\\\/uploads\\\/2024\\\/11\\\/DI-MARCO_LOGO_Corporate-2024Positivo.svg\",\"width\":338,\"height\":95,\"caption\":\"Di Marco\"},\"image\":{\"@id\":\"https:\\\/\\\/www.dimarco.it\\\/#\\\/schema\\\/logo\\\/image\\\/\"}},{\"@type\":\"Person\",\"@id\":\"https:\\\/\\\/www.dimarco.it\\\/#\\\/schema\\\/person\\\/1f5d7270668e519d817b3cae0a1eb5ec\",\"name\":\"DiMarcAdmin\",\"image\":{\"@type\":\"ImageObject\",\"inLanguage\":\"de\",\"@id\":\"https:\\\/\\\/secure.gravatar.com\\\/avatar\\\/478c03fd22885498819fdc01505a896cee4f1a154787c4dd8a20194c75b2fd3e?s=96&d=mm&r=g\",\"url\":\"https:\\\/\\\/secure.gravatar.com\\\/avatar\\\/478c03fd22885498819fdc01505a896cee4f1a154787c4dd8a20194c75b2fd3e?s=96&d=mm&r=g\",\"contentUrl\":\"https:\\\/\\\/secure.gravatar.com\\\/avatar\\\/478c03fd22885498819fdc01505a896cee4f1a154787c4dd8a20194c75b2fd3e?s=96&d=mm&r=g\",\"caption\":\"DiMarcAdmin\"},\"sameAs\":[\"https:\\\/\\\/dev.adfr.it\\\/dimarco\"],\"url\":\"https:\\\/\\\/www.dimarco.it\\\/de\\\/author\\\/dimarcadmin\"}]}<\/script>\n<!-- \/ Yoast SEO plugin. -->","yoast_head_json":{"title":"Di Marco bei Cibus Parma: Willkommen im Land der Lebensmittel! - Di Marco","description":"Vom 3. bis 6. Mai sind wir mit einer gro\u00dfen Ausstellungsfl\u00e4che auf der Parma Show vertreten, wo Sie unser breites Sortiment an professionellen Mehlen entdecken und Nuvola probieren k\u00f6nnen.","robots":{"index":"index","follow":"follow","max-snippet":"max-snippet:-1","max-image-preview":"max-image-preview:large","max-video-preview":"max-video-preview:-1"},"canonical":"https:\/\/www.dimarco.it\/de\/nachricht\/von-marco-bei-cibus-parma-willkommen-im-foodland\/","og_locale":"de_DE","og_type":"article","og_title":"Di Marco a Cibus Parma: welcome to foodland! - Di Marco","og_description":"Dal 3 al 6 maggio saremo presenti al Salone di Parma con un vasto spazio espositivo nel quale sar\u00e0 possibile conoscere l\u2019ampia gamma di farine professionali e gustare Nuvola.","og_url":"https:\/\/www.dimarco.it\/de\/nachricht\/von-marco-bei-cibus-parma-willkommen-im-foodland\/","og_site_name":"Di Marco","article_published_time":"2022-05-02T19:34:00+00:00","article_modified_time":"2025-04-01T14:00:47+00:00","og_image":[{"width":1200,"height":630,"url":"https:\/\/www.dimarco.it\/wp-content\/uploads\/2025\/01\/di_marco_cibus_2022.jpg","type":"image\/jpeg"}],"author":"DiMarcAdmin","twitter_card":"summary_large_image","twitter_misc":{"Verfasst von":"DiMarcAdmin","Gesch\u00e4tzte Lesezeit":"2\u00a0Minuten"},"schema":{"@context":"https:\/\/schema.org","@graph":[{"@type":"Article","@id":"https:\/\/www.dimarco.it\/notizie\/di-marco-a-cibus-parma-welcome-to-foodland#article","isPartOf":{"@id":"https:\/\/www.dimarco.it\/notizie\/di-marco-a-cibus-parma-welcome-to-foodland"},"author":{"name":"DiMarcAdmin","@id":"https:\/\/www.dimarco.it\/#\/schema\/person\/1f5d7270668e519d817b3cae0a1eb5ec"},"headline":"Di Marco a Cibus Parma: welcome to foodland!","datePublished":"2022-05-02T19:34:00+00:00","dateModified":"2025-04-01T14:00:47+00:00","mainEntityOfPage":{"@id":"https:\/\/www.dimarco.it\/notizie\/di-marco-a-cibus-parma-welcome-to-foodland"},"wordCount":389,"publisher":{"@id":"https:\/\/www.dimarco.it\/#organization"},"image":{"@id":"https:\/\/www.dimarco.it\/notizie\/di-marco-a-cibus-parma-welcome-to-foodland#primaryimage"},"thumbnailUrl":"https:\/\/www.dimarco.it\/wp-content\/uploads\/2025\/01\/di_marco_cibus_2022.jpg","articleSection":["Notizie"],"inLanguage":"de"},{"@type":"WebPage","@id":"https:\/\/www.dimarco.it\/notizie\/di-marco-a-cibus-parma-welcome-to-foodland","url":"https:\/\/www.dimarco.it\/notizie\/di-marco-a-cibus-parma-welcome-to-foodland","name":"Di Marco bei Cibus Parma: Willkommen im Land der Lebensmittel! - Di Marco","isPartOf":{"@id":"https:\/\/www.dimarco.it\/#website"},"primaryImageOfPage":{"@id":"https:\/\/www.dimarco.it\/notizie\/di-marco-a-cibus-parma-welcome-to-foodland#primaryimage"},"image":{"@id":"https:\/\/www.dimarco.it\/notizie\/di-marco-a-cibus-parma-welcome-to-foodland#primaryimage"},"thumbnailUrl":"https:\/\/www.dimarco.it\/wp-content\/uploads\/2025\/01\/di_marco_cibus_2022.jpg","datePublished":"2022-05-02T19:34:00+00:00","dateModified":"2025-04-01T14:00:47+00:00","description":"Vom 3. bis 6. Mai sind wir mit einer gro\u00dfen Ausstellungsfl\u00e4che auf der Parma Show vertreten, wo Sie unser breites Sortiment an professionellen Mehlen entdecken und Nuvola probieren k\u00f6nnen.","breadcrumb":{"@id":"https:\/\/www.dimarco.it\/notizie\/di-marco-a-cibus-parma-welcome-to-foodland#breadcrumb"},"inLanguage":"de","potentialAction":[{"@type":"ReadAction","target":["https:\/\/www.dimarco.it\/notizie\/di-marco-a-cibus-parma-welcome-to-foodland"]}]},{"@type":"ImageObject","inLanguage":"de","@id":"https:\/\/www.dimarco.it\/notizie\/di-marco-a-cibus-parma-welcome-to-foodland#primaryimage","url":"https:\/\/www.dimarco.it\/wp-content\/uploads\/2025\/01\/di_marco_cibus_2022.jpg","contentUrl":"https:\/\/www.dimarco.it\/wp-content\/uploads\/2025\/01\/di_marco_cibus_2022.jpg","width":1200,"height":630,"caption":"di_marco_cibus_2022"},{"@type":"BreadcrumbList","@id":"https:\/\/www.dimarco.it\/notizie\/di-marco-a-cibus-parma-welcome-to-foodland#breadcrumb","itemListElement":[{"@type":"ListItem","position":1,"name":"Home","item":"https:\/\/www.dimarco.it\/"},{"@type":"ListItem","position":2,"name":"Di Marco a Cibus Parma: welcome to foodland!"}]},{"@type":"WebSite","@id":"https:\/\/www.dimarco.it\/#website","url":"https:\/\/www.dimarco.it\/","name":"Di Marco","description":"","publisher":{"@id":"https:\/\/www.dimarco.it\/#organization"},"potentialAction":[{"@type":"SearchAction","target":{"@type":"EntryPoint","urlTemplate":"https:\/\/www.dimarco.it\/?s={search_term_string}"},"query-input":{"@type":"PropertyValueSpecification","valueRequired":true,"valueName":"search_term_string"}}],"inLanguage":"de"},{"@type":"Organization","@id":"https:\/\/www.dimarco.it\/#organization","name":"Di Marco","url":"https:\/\/www.dimarco.it\/","logo":{"@type":"ImageObject","inLanguage":"de","@id":"https:\/\/www.dimarco.it\/#\/schema\/logo\/image\/","url":"https:\/\/www.dimarco.it\/wp-content\/uploads\/2024\/11\/DI-MARCO_LOGO_Corporate-2024Positivo.svg","contentUrl":"https:\/\/www.dimarco.it\/wp-content\/uploads\/2024\/11\/DI-MARCO_LOGO_Corporate-2024Positivo.svg","width":338,"height":95,"caption":"Di Marco"},"image":{"@id":"https:\/\/www.dimarco.it\/#\/schema\/logo\/image\/"}},{"@type":"Person","@id":"https:\/\/www.dimarco.it\/#\/schema\/person\/1f5d7270668e519d817b3cae0a1eb5ec","name":"VonMarcAdmin","image":{"@type":"ImageObject","inLanguage":"de","@id":"https:\/\/secure.gravatar.com\/avatar\/478c03fd22885498819fdc01505a896cee4f1a154787c4dd8a20194c75b2fd3e?s=96&d=mm&r=g","url":"https:\/\/secure.gravatar.com\/avatar\/478c03fd22885498819fdc01505a896cee4f1a154787c4dd8a20194c75b2fd3e?s=96&d=mm&r=g","contentUrl":"https:\/\/secure.gravatar.com\/avatar\/478c03fd22885498819fdc01505a896cee4f1a154787c4dd8a20194c75b2fd3e?s=96&d=mm&r=g","caption":"DiMarcAdmin"},"sameAs":["https:\/\/dev.adfr.it\/dimarco"],"url":"https:\/\/www.dimarco.it\/de\/author\/dimarcadmin"}]}},"_links":{"self":[{"href":"https:\/\/www.dimarco.it\/de\/wp-json\/wp\/v2\/posts\/1263","targetHints":{"allow":["GET"]}}],"collection":[{"href":"https:\/\/www.dimarco.it\/de\/wp-json\/wp\/v2\/posts"}],"about":[{"href":"https:\/\/www.dimarco.it\/de\/wp-json\/wp\/v2\/types\/post"}],"author":[{"embeddable":true,"href":"https:\/\/www.dimarco.it\/de\/wp-json\/wp\/v2\/users\/1"}],"replies":[{"embeddable":true,"href":"https:\/\/www.dimarco.it\/de\/wp-json\/wp\/v2\/comments?post=1263"}],"version-history":[{"count":0,"href":"https:\/\/www.dimarco.it\/de\/wp-json\/wp\/v2\/posts\/1263\/revisions"}],"wp:featuredmedia":[{"embeddable":true,"href":"https:\/\/www.dimarco.it\/de\/wp-json\/wp\/v2\/media\/1264"}],"wp:attachment":[{"href":"https:\/\/www.dimarco.it\/de\/wp-json\/wp\/v2\/media?parent=1263"}],"wp:term":[{"taxonomy":"category","embeddable":true,"href":"https:\/\/www.dimarco.it\/de\/wp-json\/wp\/v2\/categories?post=1263"},{"taxonomy":"post_tag","embeddable":true,"href":"https:\/\/www.dimarco.it\/de\/wp-json\/wp\/v2\/tags?post=1263"}],"curies":[{"name":"wp","href":"https:\/\/api.w.org\/{rel}","templated":true}]}}