{"id":1245,"date":"2022-03-16T21:01:00","date_gmt":"2022-03-16T20:01:00","guid":{"rendered":"https:\/\/dev.adfr.it\/dimarco\/?p=1245"},"modified":"2025-04-01T16:00:47","modified_gmt":"2025-04-01T14:00:47","slug":"entrevista-de-marco-con-italia-a-tavola-en-sigep","status":"publish","type":"post","link":"https:\/\/www.dimarco.it\/es\/notizie\/di-marco-a-sigep-lintervista-con-italia-a-tavola","title":{"rendered":"Di Marco en Sigep: entrevista con Italia a Tavola"},"content":{"rendered":"<p>Del 12 al 16 de marzo de 2022 se celebr\u00f3 en R\u00edmini, <strong>Sigep<\/strong>, El <em>Exposici\u00f3n Internacional de Helado Artesanal, Pasteler\u00eda, Panader\u00eda y Caf\u00e9<\/em>, este a\u00f1o en su <a href=\"https:\/\/www.sigep.it\/sigep\/info\/sigep-2022\">43\u00aa edici\u00f3n<\/a>.<br>Di Marco ha alcanzado el hito de su d\u00e9cima participaci\u00f3n en la que es una de las ferias l\u00edderes en innovaciones del sector. <strong>servicio de comida<\/strong>.<\/p>\n\n\n\n<h2 class=\"wp-block-heading\">LAS \u00daLTIMAS NOTICIAS DE DI MARCO EN SIGEP<\/h2>\n\n\n\n<p>Felices de haber participado tambi\u00e9n en esta edici\u00f3n, dijimos a los micr\u00f3fonos de <strong>Italia en la mesa<\/strong> Nuestras \u00faltimas novedades y nuestro punto de vista sobre el sector de la restauraci\u00f3n.<br><strong>Alberto Di Marco<\/strong>, Director Comercial de Di Marco, explic\u00f3 durante la entrevista las interesantes caracter\u00edsticas del nuevo <strong>Harina multigrano <\/strong>y las particularidades de los nuevos productos para la l\u00ednea de congelados,<a href=\"https:\/\/www.dimarco.it\/es\/noticias\/di-marco-puccia-sorriso\/\"><strong> Puccia y Sonrisa<\/strong><\/a>.<br>Puedes encontrar el art\u00edculo completo en <a href=\"https:\/\/www.italiaatavola.net\/alimenti\/farina-pasta-riso\/di-marco-punta-forte-sulla-pinsa-dalle-farine-ai-surgelati\/84871\/\">revista <\/a>de Italia en la Mesa.<\/p>\n\n\n\n<figure class=\"wp-block-embed is-type-video is-provider-youtube wp-block-embed-youtube wp-embed-aspect-16-9 wp-has-aspect-ratio\"><div class=\"wp-block-embed__wrapper\">\n<iframe title=\"Sigep 2022: Entrevista a Alberto Di Marco, Gerente Comercial de Pizzasnella Corrado Di Marco\" width=\"800\" height=\"450\" src=\"https:\/\/www.youtube.com\/embed\/2jAOvSm4DRI?feature=oembed\" frameborder=\"0\" allow=\"accelerometer; autoplay; clipboard-write; encrypted-media; gyroscope; picture-in-picture; web-share\" referrerpolicy=\"strict-origin-when-cross-origin\" allowfullscreen><\/iframe>\n<\/div><\/figure>","protected":false},"excerpt":{"rendered":"<p>Dal 12 al 16 marzo 2022 si \u00e8 tenuto a Rimini, Sigep, il Salone Internazionale della Gelateria, Pasticceria, Panificazione Artigianali e Caff\u00e8, quest&#8217;anno alla sua 43sima edizione.Di Marco ha raggiunto il traguardo della decima partecipazione a quella che \u00e8 una delle fiere di riferimento per le innovazioni nel settore del foodservice. LE ULTIME NOVIT\u00c0 DI [&hellip;]<\/p>\n","protected":false},"author":1,"featured_media":1246,"comment_status":"closed","ping_status":"open","sticky":false,"template":"","format":"standard","meta":{"footnotes":""},"categories":[52],"tags":[],"class_list":["post-1245","post","type-post","status-publish","format-standard","has-post-thumbnail","hentry","category-notizie"],"yoast_head":"<!-- This site is optimized with the Yoast SEO plugin v27.5 - https:\/\/yoast.com\/product\/yoast-seo-wordpress\/ -->\n<title>Di Marco a Sigep: l&#039;intervista con Italia a Tavola - Di Marco<\/title>\n<meta name=\"description\" content=\"Alberto Di Marco racconta ai microfoni di Italia a Tavola le novit\u00e0 Di Marco\" \/>\n<meta name=\"robots\" content=\"index, follow, max-snippet:-1, max-image-preview:large, max-video-preview:-1\" \/>\n<link rel=\"canonical\" href=\"https:\/\/www.dimarco.it\/es\/noticias\/entrevista-de-marco-con-italia-a-tavola-en-sigep\/\" \/>\n<meta property=\"og:locale\" content=\"es_ES\" \/>\n<meta property=\"og:type\" content=\"article\" \/>\n<meta property=\"og:title\" content=\"Di Marco a Sigep: l&#039;intervista con Italia a Tavola - Di Marco\" \/>\n<meta property=\"og:description\" content=\"Alberto Di Marco racconta ai microfoni di Italia a Tavola le novit\u00e0 Di Marco\" \/>\n<meta property=\"og:url\" content=\"https:\/\/www.dimarco.it\/es\/noticias\/entrevista-de-marco-con-italia-a-tavola-en-sigep\/\" \/>\n<meta property=\"og:site_name\" content=\"Di Marco\" \/>\n<meta property=\"article:published_time\" content=\"2022-03-16T20:01:00+00:00\" \/>\n<meta property=\"article:modified_time\" content=\"2025-04-01T14:00:47+00:00\" \/>\n<meta property=\"og:image\" content=\"https:\/\/www.dimarco.it\/wp-content\/uploads\/2025\/01\/di-marco-intervista-sigep-italia-tavola.jpg\" \/>\n\t<meta property=\"og:image:width\" content=\"1200\" \/>\n\t<meta property=\"og:image:height\" content=\"630\" \/>\n\t<meta property=\"og:image:type\" content=\"image\/jpeg\" \/>\n<meta name=\"author\" content=\"DiMarcAdmin\" \/>\n<meta name=\"twitter:card\" content=\"summary_large_image\" \/>\n<meta name=\"twitter:label1\" content=\"Escrito por\" \/>\n\t<meta name=\"twitter:data1\" content=\"DiMarcAdmin\" \/>\n\t<meta name=\"twitter:label2\" content=\"Tiempo de lectura\" \/>\n\t<meta name=\"twitter:data2\" content=\"1 minuto\" \/>\n<script type=\"application\/ld+json\" class=\"yoast-schema-graph\">{\"@context\":\"https:\\\/\\\/schema.org\",\"@graph\":[{\"@type\":\"Article\",\"@id\":\"https:\\\/\\\/www.dimarco.it\\\/notizie\\\/di-marco-a-sigep-lintervista-con-italia-a-tavola#article\",\"isPartOf\":{\"@id\":\"https:\\\/\\\/www.dimarco.it\\\/notizie\\\/di-marco-a-sigep-lintervista-con-italia-a-tavola\"},\"author\":{\"name\":\"DiMarcAdmin\",\"@id\":\"https:\\\/\\\/www.dimarco.it\\\/#\\\/schema\\\/person\\\/1f5d7270668e519d817b3cae0a1eb5ec\"},\"headline\":\"Di Marco a Sigep: l&#8217;intervista con Italia a Tavola\",\"datePublished\":\"2022-03-16T20:01:00+00:00\",\"dateModified\":\"2025-04-01T14:00:47+00:00\",\"mainEntityOfPage\":{\"@id\":\"https:\\\/\\\/www.dimarco.it\\\/notizie\\\/di-marco-a-sigep-lintervista-con-italia-a-tavola\"},\"wordCount\":144,\"publisher\":{\"@id\":\"https:\\\/\\\/www.dimarco.it\\\/#organization\"},\"image\":{\"@id\":\"https:\\\/\\\/www.dimarco.it\\\/notizie\\\/di-marco-a-sigep-lintervista-con-italia-a-tavola#primaryimage\"},\"thumbnailUrl\":\"https:\\\/\\\/www.dimarco.it\\\/wp-content\\\/uploads\\\/2025\\\/01\\\/di-marco-intervista-sigep-italia-tavola.jpg\",\"articleSection\":[\"Notizie\"],\"inLanguage\":\"es\"},{\"@type\":\"WebPage\",\"@id\":\"https:\\\/\\\/www.dimarco.it\\\/notizie\\\/di-marco-a-sigep-lintervista-con-italia-a-tavola\",\"url\":\"https:\\\/\\\/www.dimarco.it\\\/notizie\\\/di-marco-a-sigep-lintervista-con-italia-a-tavola\",\"name\":\"Di Marco a Sigep: l'intervista con Italia a Tavola - Di Marco\",\"isPartOf\":{\"@id\":\"https:\\\/\\\/www.dimarco.it\\\/#website\"},\"primaryImageOfPage\":{\"@id\":\"https:\\\/\\\/www.dimarco.it\\\/notizie\\\/di-marco-a-sigep-lintervista-con-italia-a-tavola#primaryimage\"},\"image\":{\"@id\":\"https:\\\/\\\/www.dimarco.it\\\/notizie\\\/di-marco-a-sigep-lintervista-con-italia-a-tavola#primaryimage\"},\"thumbnailUrl\":\"https:\\\/\\\/www.dimarco.it\\\/wp-content\\\/uploads\\\/2025\\\/01\\\/di-marco-intervista-sigep-italia-tavola.jpg\",\"datePublished\":\"2022-03-16T20:01:00+00:00\",\"dateModified\":\"2025-04-01T14:00:47+00:00\",\"description\":\"Alberto Di Marco racconta ai microfoni di Italia a Tavola le novit\u00e0 Di Marco\",\"breadcrumb\":{\"@id\":\"https:\\\/\\\/www.dimarco.it\\\/notizie\\\/di-marco-a-sigep-lintervista-con-italia-a-tavola#breadcrumb\"},\"inLanguage\":\"es\",\"potentialAction\":[{\"@type\":\"ReadAction\",\"target\":[\"https:\\\/\\\/www.dimarco.it\\\/notizie\\\/di-marco-a-sigep-lintervista-con-italia-a-tavola\"]}]},{\"@type\":\"ImageObject\",\"inLanguage\":\"es\",\"@id\":\"https:\\\/\\\/www.dimarco.it\\\/notizie\\\/di-marco-a-sigep-lintervista-con-italia-a-tavola#primaryimage\",\"url\":\"https:\\\/\\\/www.dimarco.it\\\/wp-content\\\/uploads\\\/2025\\\/01\\\/di-marco-intervista-sigep-italia-tavola.jpg\",\"contentUrl\":\"https:\\\/\\\/www.dimarco.it\\\/wp-content\\\/uploads\\\/2025\\\/01\\\/di-marco-intervista-sigep-italia-tavola.jpg\",\"width\":1200,\"height\":630,\"caption\":\"di-marco-intervista-sigep-italia-tavola\"},{\"@type\":\"BreadcrumbList\",\"@id\":\"https:\\\/\\\/www.dimarco.it\\\/notizie\\\/di-marco-a-sigep-lintervista-con-italia-a-tavola#breadcrumb\",\"itemListElement\":[{\"@type\":\"ListItem\",\"position\":1,\"name\":\"Home\",\"item\":\"https:\\\/\\\/www.dimarco.it\\\/\"},{\"@type\":\"ListItem\",\"position\":2,\"name\":\"Di Marco a Sigep: l&#8217;intervista con Italia a Tavola\"}]},{\"@type\":\"WebSite\",\"@id\":\"https:\\\/\\\/www.dimarco.it\\\/#website\",\"url\":\"https:\\\/\\\/www.dimarco.it\\\/\",\"name\":\"Di Marco\",\"description\":\"\",\"publisher\":{\"@id\":\"https:\\\/\\\/www.dimarco.it\\\/#organization\"},\"potentialAction\":[{\"@type\":\"SearchAction\",\"target\":{\"@type\":\"EntryPoint\",\"urlTemplate\":\"https:\\\/\\\/www.dimarco.it\\\/?s={search_term_string}\"},\"query-input\":{\"@type\":\"PropertyValueSpecification\",\"valueRequired\":true,\"valueName\":\"search_term_string\"}}],\"inLanguage\":\"es\"},{\"@type\":\"Organization\",\"@id\":\"https:\\\/\\\/www.dimarco.it\\\/#organization\",\"name\":\"Di Marco\",\"url\":\"https:\\\/\\\/www.dimarco.it\\\/\",\"logo\":{\"@type\":\"ImageObject\",\"inLanguage\":\"es\",\"@id\":\"https:\\\/\\\/www.dimarco.it\\\/#\\\/schema\\\/logo\\\/image\\\/\",\"url\":\"https:\\\/\\\/www.dimarco.it\\\/wp-content\\\/uploads\\\/2024\\\/11\\\/DI-MARCO_LOGO_Corporate-2024Positivo.svg\",\"contentUrl\":\"https:\\\/\\\/www.dimarco.it\\\/wp-content\\\/uploads\\\/2024\\\/11\\\/DI-MARCO_LOGO_Corporate-2024Positivo.svg\",\"width\":338,\"height\":95,\"caption\":\"Di Marco\"},\"image\":{\"@id\":\"https:\\\/\\\/www.dimarco.it\\\/#\\\/schema\\\/logo\\\/image\\\/\"}},{\"@type\":\"Person\",\"@id\":\"https:\\\/\\\/www.dimarco.it\\\/#\\\/schema\\\/person\\\/1f5d7270668e519d817b3cae0a1eb5ec\",\"name\":\"DiMarcAdmin\",\"image\":{\"@type\":\"ImageObject\",\"inLanguage\":\"es\",\"@id\":\"https:\\\/\\\/secure.gravatar.com\\\/avatar\\\/478c03fd22885498819fdc01505a896cee4f1a154787c4dd8a20194c75b2fd3e?s=96&d=mm&r=g\",\"url\":\"https:\\\/\\\/secure.gravatar.com\\\/avatar\\\/478c03fd22885498819fdc01505a896cee4f1a154787c4dd8a20194c75b2fd3e?s=96&d=mm&r=g\",\"contentUrl\":\"https:\\\/\\\/secure.gravatar.com\\\/avatar\\\/478c03fd22885498819fdc01505a896cee4f1a154787c4dd8a20194c75b2fd3e?s=96&d=mm&r=g\",\"caption\":\"DiMarcAdmin\"},\"sameAs\":[\"https:\\\/\\\/dev.adfr.it\\\/dimarco\"],\"url\":\"https:\\\/\\\/www.dimarco.it\\\/es\\\/author\\\/dimarcadmin\"}]}<\/script>\n<!-- \/ Yoast SEO plugin. -->","yoast_head_json":{"title":"Di Marco en Sigep: entrevista con Italia a Tavola - Di Marco","description":"Alberto Di Marco habla con Italia a Tavola sobre las nuevas caracter\u00edsticas de Di Marco.","robots":{"index":"index","follow":"follow","max-snippet":"max-snippet:-1","max-image-preview":"max-image-preview:large","max-video-preview":"max-video-preview:-1"},"canonical":"https:\/\/www.dimarco.it\/es\/noticias\/entrevista-de-marco-con-italia-a-tavola-en-sigep\/","og_locale":"es_ES","og_type":"article","og_title":"Di Marco a Sigep: l'intervista con Italia a Tavola - Di Marco","og_description":"Alberto Di Marco racconta ai microfoni di Italia a Tavola le novit\u00e0 Di Marco","og_url":"https:\/\/www.dimarco.it\/es\/noticias\/entrevista-de-marco-con-italia-a-tavola-en-sigep\/","og_site_name":"Di Marco","article_published_time":"2022-03-16T20:01:00+00:00","article_modified_time":"2025-04-01T14:00:47+00:00","og_image":[{"width":1200,"height":630,"url":"https:\/\/www.dimarco.it\/wp-content\/uploads\/2025\/01\/di-marco-intervista-sigep-italia-tavola.jpg","type":"image\/jpeg"}],"author":"DiMarcAdmin","twitter_card":"summary_large_image","twitter_misc":{"Escrito por":"DiMarcAdmin","Tiempo de lectura":"1 minuto"},"schema":{"@context":"https:\/\/schema.org","@graph":[{"@type":"Article","@id":"https:\/\/www.dimarco.it\/notizie\/di-marco-a-sigep-lintervista-con-italia-a-tavola#article","isPartOf":{"@id":"https:\/\/www.dimarco.it\/notizie\/di-marco-a-sigep-lintervista-con-italia-a-tavola"},"author":{"name":"DiMarcAdmin","@id":"https:\/\/www.dimarco.it\/#\/schema\/person\/1f5d7270668e519d817b3cae0a1eb5ec"},"headline":"Di Marco a Sigep: l&#8217;intervista con Italia a Tavola","datePublished":"2022-03-16T20:01:00+00:00","dateModified":"2025-04-01T14:00:47+00:00","mainEntityOfPage":{"@id":"https:\/\/www.dimarco.it\/notizie\/di-marco-a-sigep-lintervista-con-italia-a-tavola"},"wordCount":144,"publisher":{"@id":"https:\/\/www.dimarco.it\/#organization"},"image":{"@id":"https:\/\/www.dimarco.it\/notizie\/di-marco-a-sigep-lintervista-con-italia-a-tavola#primaryimage"},"thumbnailUrl":"https:\/\/www.dimarco.it\/wp-content\/uploads\/2025\/01\/di-marco-intervista-sigep-italia-tavola.jpg","articleSection":["Notizie"],"inLanguage":"es"},{"@type":"WebPage","@id":"https:\/\/www.dimarco.it\/notizie\/di-marco-a-sigep-lintervista-con-italia-a-tavola","url":"https:\/\/www.dimarco.it\/notizie\/di-marco-a-sigep-lintervista-con-italia-a-tavola","name":"Di Marco en Sigep: entrevista con Italia a Tavola - Di Marco","isPartOf":{"@id":"https:\/\/www.dimarco.it\/#website"},"primaryImageOfPage":{"@id":"https:\/\/www.dimarco.it\/notizie\/di-marco-a-sigep-lintervista-con-italia-a-tavola#primaryimage"},"image":{"@id":"https:\/\/www.dimarco.it\/notizie\/di-marco-a-sigep-lintervista-con-italia-a-tavola#primaryimage"},"thumbnailUrl":"https:\/\/www.dimarco.it\/wp-content\/uploads\/2025\/01\/di-marco-intervista-sigep-italia-tavola.jpg","datePublished":"2022-03-16T20:01:00+00:00","dateModified":"2025-04-01T14:00:47+00:00","description":"Alberto Di Marco habla con Italia a Tavola sobre las nuevas caracter\u00edsticas de Di Marco.","breadcrumb":{"@id":"https:\/\/www.dimarco.it\/notizie\/di-marco-a-sigep-lintervista-con-italia-a-tavola#breadcrumb"},"inLanguage":"es","potentialAction":[{"@type":"ReadAction","target":["https:\/\/www.dimarco.it\/notizie\/di-marco-a-sigep-lintervista-con-italia-a-tavola"]}]},{"@type":"ImageObject","inLanguage":"es","@id":"https:\/\/www.dimarco.it\/notizie\/di-marco-a-sigep-lintervista-con-italia-a-tavola#primaryimage","url":"https:\/\/www.dimarco.it\/wp-content\/uploads\/2025\/01\/di-marco-intervista-sigep-italia-tavola.jpg","contentUrl":"https:\/\/www.dimarco.it\/wp-content\/uploads\/2025\/01\/di-marco-intervista-sigep-italia-tavola.jpg","width":1200,"height":630,"caption":"di-marco-intervista-sigep-italia-tavola"},{"@type":"BreadcrumbList","@id":"https:\/\/www.dimarco.it\/notizie\/di-marco-a-sigep-lintervista-con-italia-a-tavola#breadcrumb","itemListElement":[{"@type":"ListItem","position":1,"name":"Home","item":"https:\/\/www.dimarco.it\/"},{"@type":"ListItem","position":2,"name":"Di Marco a Sigep: l&#8217;intervista con Italia a Tavola"}]},{"@type":"WebSite","@id":"https:\/\/www.dimarco.it\/#website","url":"https:\/\/www.dimarco.it\/","name":"Di Marco","description":"","publisher":{"@id":"https:\/\/www.dimarco.it\/#organization"},"potentialAction":[{"@type":"SearchAction","target":{"@type":"EntryPoint","urlTemplate":"https:\/\/www.dimarco.it\/?s={search_term_string}"},"query-input":{"@type":"PropertyValueSpecification","valueRequired":true,"valueName":"search_term_string"}}],"inLanguage":"es"},{"@type":"Organization","@id":"https:\/\/www.dimarco.it\/#organization","name":"Di Marco","url":"https:\/\/www.dimarco.it\/","logo":{"@type":"ImageObject","inLanguage":"es","@id":"https:\/\/www.dimarco.it\/#\/schema\/logo\/image\/","url":"https:\/\/www.dimarco.it\/wp-content\/uploads\/2024\/11\/DI-MARCO_LOGO_Corporate-2024Positivo.svg","contentUrl":"https:\/\/www.dimarco.it\/wp-content\/uploads\/2024\/11\/DI-MARCO_LOGO_Corporate-2024Positivo.svg","width":338,"height":95,"caption":"Di Marco"},"image":{"@id":"https:\/\/www.dimarco.it\/#\/schema\/logo\/image\/"}},{"@type":"Person","@id":"https:\/\/www.dimarco.it\/#\/schema\/person\/1f5d7270668e519d817b3cae0a1eb5ec","name":"Por MarcAdmin","image":{"@type":"ImageObject","inLanguage":"es","@id":"https:\/\/secure.gravatar.com\/avatar\/478c03fd22885498819fdc01505a896cee4f1a154787c4dd8a20194c75b2fd3e?s=96&d=mm&r=g","url":"https:\/\/secure.gravatar.com\/avatar\/478c03fd22885498819fdc01505a896cee4f1a154787c4dd8a20194c75b2fd3e?s=96&d=mm&r=g","contentUrl":"https:\/\/secure.gravatar.com\/avatar\/478c03fd22885498819fdc01505a896cee4f1a154787c4dd8a20194c75b2fd3e?s=96&d=mm&r=g","caption":"DiMarcAdmin"},"sameAs":["https:\/\/dev.adfr.it\/dimarco"],"url":"https:\/\/www.dimarco.it\/es\/author\/dimarcadmin"}]}},"_links":{"self":[{"href":"https:\/\/www.dimarco.it\/es\/wp-json\/wp\/v2\/posts\/1245","targetHints":{"allow":["GET"]}}],"collection":[{"href":"https:\/\/www.dimarco.it\/es\/wp-json\/wp\/v2\/posts"}],"about":[{"href":"https:\/\/www.dimarco.it\/es\/wp-json\/wp\/v2\/types\/post"}],"author":[{"embeddable":true,"href":"https:\/\/www.dimarco.it\/es\/wp-json\/wp\/v2\/users\/1"}],"replies":[{"embeddable":true,"href":"https:\/\/www.dimarco.it\/es\/wp-json\/wp\/v2\/comments?post=1245"}],"version-history":[{"count":0,"href":"https:\/\/www.dimarco.it\/es\/wp-json\/wp\/v2\/posts\/1245\/revisions"}],"wp:featuredmedia":[{"embeddable":true,"href":"https:\/\/www.dimarco.it\/es\/wp-json\/wp\/v2\/media\/1246"}],"wp:attachment":[{"href":"https:\/\/www.dimarco.it\/es\/wp-json\/wp\/v2\/media?parent=1245"}],"wp:term":[{"taxonomy":"category","embeddable":true,"href":"https:\/\/www.dimarco.it\/es\/wp-json\/wp\/v2\/categories?post=1245"},{"taxonomy":"post_tag","embeddable":true,"href":"https:\/\/www.dimarco.it\/es\/wp-json\/wp\/v2\/tags?post=1245"}],"curies":[{"name":"wp","href":"https:\/\/api.w.org\/{rel}","templated":true}]}}