{"id":1254,"date":"2022-04-07T21:27:00","date_gmt":"2022-04-07T19:27:00","guid":{"rendered":"https:\/\/dev.adfr.it\/dimarco\/?p=1254"},"modified":"2025-04-01T16:00:47","modified_gmt":"2025-04-01T14:00:47","slug":"proximas-citas-en-la-feria-de-marcas-2022","status":"publish","type":"post","link":"https:\/\/www.dimarco.it\/es\/notizie\/prossimi-appuntamenti-in-fiera-marca-2022","title":{"rendered":"Pr\u00f3ximos eventos en la feria: Marca 2022"},"content":{"rendered":"<p>El a\u00f1o 2022 empez\u00f3 bajo el lema de <strong>citas en la feria<\/strong>:Esta primavera tambi\u00e9n promete ser una temporada intensa para el equipo de Di Marco, que se prepara para la pr\u00f3xima cita con el sector de la gran distribuci\u00f3n.<\/p>\n\n\n\n<p>Del 12 al 13 de abril estaremos en Bolonia para la 18\u00aa edici\u00f3n de <strong>Marca<\/strong>, el grande <em>Feria Internacional de Productos de Marca Blanca<\/em>, organizado por BolognaFiere en colaboraci\u00f3n con la Asociaci\u00f3n de Distribuci\u00f3n Moderna (ADM).<\/p>\n\n\n\n<h2 class=\"wp-block-heading\">NUVOLA PINSA DEBUTA EN MARCA 2022<\/h2>\n\n\n\n<p>En Marca nos presentamos con <strong>Nube de Pinsa<\/strong>, la marca con la que aterrizamos en los lineales de los supermercados, dispuesta a llevar el sabor de la Original Pinsa Romana a las mesas de los italianos.<\/p>\n\n\n\n<p>En el gran espacio expositivo (Pabell\u00f3n 30 stand A19 \u2013 B20) los compradores y visitantes podr\u00e1n conocer y degustar Nuvola en todas sus variedades: <strong>Cl\u00e1sico<\/strong>, <strong>Multicereali<\/strong> Y <strong>Sin Gluten<\/strong>El nuevo tambi\u00e9n debutar\u00e1 como adelanto. <strong>Nube ambiental<\/strong>, que posee todas las caracter\u00edsticas de ligereza y calidad, incluyendo larga fermentaci\u00f3n, alta hidrataci\u00f3n y enrollado a mano, con la comodidad a\u00f1adida de poder conservarse a temperatura ambiente.<\/p>\n\n\n\n<h2 class=\"wp-block-heading\">UNA CITA CON LA COMUNIDAD EMPRESARIAL DE MDD<\/h2>\n\n\n\n<p>Este a\u00f1o, Marca by BolognaFiere centra su atenci\u00f3n en su 18\u00aa edici\u00f3n, que contar\u00e1 con 900 expositores repartidos en cinco pabellones.<\/p>\n\n\n\n<p>La alimentaci\u00f3n es la protagonista absoluta de este Sal\u00f3n, ya que es el sector al que pertenecen el 75% de los expositores: por ello Marca es una cita a la que no pod\u00edamos faltar. <\/p>\n\n\n\n<blockquote class=\"wp-block-quote is-layout-flow wp-block-quote-is-layout-flow\">\n<p><em>Elegimos a Marca para presentar toda la gama Nuvola a la comunidad empresarial MDD: las bases preparadas de la Pinsa Romana original, que est\u00e1n cosechando un gran \u00e9xito entre los consumidores. En concreto, presentaremos la nueva Nuvola Ambient, la primera base de la Pinsa Romana original que se puede conservar fuera del frigor\u00edfico. Es deliciosa y muy digerible, como nuestras otras Nuvola Pinsas.<\/em>, coment\u00f3 Alberto Di Marco, Gerente Ejecutivo de Ventas Di Marco.<\/p>\n<\/blockquote>\n\n\n\n<p>El mundo de la gran distribuci\u00f3n confirma el \u00e9xito de nuestra Nuvola, \u00a1incluso en el extranjero! Por ejemplo, marzo cerr\u00f3 con un hito valioso: en Francia, <strong>Feria de S\u00e1ndwiches y Snacks \u2013 Parizza<\/strong> Los d\u00edas 30 y 31 de marzo, Nuvola recibi\u00f3 el premio <strong>\u201cSnacking D&#039;or\u201d<\/strong> como uno de los productos del a\u00f1o.<\/p>\n\n\n\n<p>2022 es solo el principio: \u00a1qui\u00e9n sabe cu\u00e1ntos hitos m\u00e1s nos esperan! Mientras tanto, nuestra pr\u00f3xima cita es en Marca 2022: \u00a1vis\u00edtanos!<\/p>","protected":false},"excerpt":{"rendered":"<p>Il 2022 \u00e8 iniziato all\u2019insegna degli appuntamenti in fiera: anche questa Primavera si preannuncia itinerante per il team di Di Marco, che si prepara al prossimo appuntamento con il settore della Grande Distribuzione. Dal 12 al 13 aprile saremo a Bologna per la 18sima edizione di Marca, il grande Salone internazionale sui prodotti a Marca [&hellip;]<\/p>\n","protected":false},"author":1,"featured_media":1255,"comment_status":"closed","ping_status":"open","sticky":false,"template":"","format":"standard","meta":{"footnotes":""},"categories":[52],"tags":[],"class_list":["post-1254","post","type-post","status-publish","format-standard","has-post-thumbnail","hentry","category-notizie"],"yoast_head":"<!-- This site is optimized with the Yoast SEO plugin v27.5 - https:\/\/yoast.com\/product\/yoast-seo-wordpress\/ -->\n<title>Prossimi appuntamenti in fiera: Marca 2022 - Di Marco<\/title>\n<meta name=\"description\" content=\"12 e 13 aprile Di Marco sar\u00e0 a Bologna per Marca 2022, il grande Salone internazionale sui prodotti a Marca del Distributore.\" \/>\n<meta name=\"robots\" content=\"index, follow, max-snippet:-1, max-image-preview:large, max-video-preview:-1\" \/>\n<link rel=\"canonical\" href=\"https:\/\/www.dimarco.it\/es\/noticias\/proximas-citas-en-la-feria-de-marcas-2022\/\" \/>\n<meta property=\"og:locale\" content=\"es_ES\" \/>\n<meta property=\"og:type\" content=\"article\" \/>\n<meta property=\"og:title\" content=\"Prossimi appuntamenti in fiera: Marca 2022 - Di Marco\" \/>\n<meta property=\"og:description\" content=\"12 e 13 aprile Di Marco sar\u00e0 a Bologna per Marca 2022, il grande Salone internazionale sui prodotti a Marca del Distributore.\" \/>\n<meta property=\"og:url\" content=\"https:\/\/www.dimarco.it\/es\/noticias\/proximas-citas-en-la-feria-de-marcas-2022\/\" \/>\n<meta property=\"og:site_name\" content=\"Di Marco\" \/>\n<meta property=\"article:published_time\" content=\"2022-04-07T19:27:00+00:00\" \/>\n<meta property=\"article:modified_time\" content=\"2025-04-01T14:00:47+00:00\" \/>\n<meta property=\"og:image\" content=\"https:\/\/www.dimarco.it\/wp-content\/uploads\/2025\/01\/di-marco-fiera-marca-2022-bologna.jpg\" \/>\n\t<meta property=\"og:image:width\" content=\"1200\" \/>\n\t<meta property=\"og:image:height\" content=\"630\" \/>\n\t<meta property=\"og:image:type\" content=\"image\/jpeg\" \/>\n<meta name=\"author\" content=\"DiMarcAdmin\" \/>\n<meta name=\"twitter:card\" content=\"summary_large_image\" \/>\n<meta name=\"twitter:label1\" content=\"Escrito por\" \/>\n\t<meta name=\"twitter:data1\" content=\"DiMarcAdmin\" \/>\n\t<meta name=\"twitter:label2\" content=\"Tiempo de lectura\" \/>\n\t<meta name=\"twitter:data2\" content=\"2 minutos\" \/>\n<script type=\"application\/ld+json\" class=\"yoast-schema-graph\">{\"@context\":\"https:\\\/\\\/schema.org\",\"@graph\":[{\"@type\":\"Article\",\"@id\":\"https:\\\/\\\/www.dimarco.it\\\/notizie\\\/prossimi-appuntamenti-in-fiera-marca-2022#article\",\"isPartOf\":{\"@id\":\"https:\\\/\\\/www.dimarco.it\\\/notizie\\\/prossimi-appuntamenti-in-fiera-marca-2022\"},\"author\":{\"name\":\"DiMarcAdmin\",\"@id\":\"https:\\\/\\\/www.dimarco.it\\\/#\\\/schema\\\/person\\\/1f5d7270668e519d817b3cae0a1eb5ec\"},\"headline\":\"Prossimi appuntamenti in fiera: Marca 2022\",\"datePublished\":\"2022-04-07T19:27:00+00:00\",\"dateModified\":\"2025-04-01T14:00:47+00:00\",\"mainEntityOfPage\":{\"@id\":\"https:\\\/\\\/www.dimarco.it\\\/notizie\\\/prossimi-appuntamenti-in-fiera-marca-2022\"},\"wordCount\":375,\"publisher\":{\"@id\":\"https:\\\/\\\/www.dimarco.it\\\/#organization\"},\"image\":{\"@id\":\"https:\\\/\\\/www.dimarco.it\\\/notizie\\\/prossimi-appuntamenti-in-fiera-marca-2022#primaryimage\"},\"thumbnailUrl\":\"https:\\\/\\\/www.dimarco.it\\\/wp-content\\\/uploads\\\/2025\\\/01\\\/di-marco-fiera-marca-2022-bologna.jpg\",\"articleSection\":[\"Notizie\"],\"inLanguage\":\"es\"},{\"@type\":\"WebPage\",\"@id\":\"https:\\\/\\\/www.dimarco.it\\\/notizie\\\/prossimi-appuntamenti-in-fiera-marca-2022\",\"url\":\"https:\\\/\\\/www.dimarco.it\\\/notizie\\\/prossimi-appuntamenti-in-fiera-marca-2022\",\"name\":\"Prossimi appuntamenti in fiera: Marca 2022 - Di Marco\",\"isPartOf\":{\"@id\":\"https:\\\/\\\/www.dimarco.it\\\/#website\"},\"primaryImageOfPage\":{\"@id\":\"https:\\\/\\\/www.dimarco.it\\\/notizie\\\/prossimi-appuntamenti-in-fiera-marca-2022#primaryimage\"},\"image\":{\"@id\":\"https:\\\/\\\/www.dimarco.it\\\/notizie\\\/prossimi-appuntamenti-in-fiera-marca-2022#primaryimage\"},\"thumbnailUrl\":\"https:\\\/\\\/www.dimarco.it\\\/wp-content\\\/uploads\\\/2025\\\/01\\\/di-marco-fiera-marca-2022-bologna.jpg\",\"datePublished\":\"2022-04-07T19:27:00+00:00\",\"dateModified\":\"2025-04-01T14:00:47+00:00\",\"description\":\"12 e 13 aprile Di Marco sar\u00e0 a Bologna per Marca 2022, il grande Salone internazionale sui prodotti a Marca del Distributore.\",\"breadcrumb\":{\"@id\":\"https:\\\/\\\/www.dimarco.it\\\/notizie\\\/prossimi-appuntamenti-in-fiera-marca-2022#breadcrumb\"},\"inLanguage\":\"es\",\"potentialAction\":[{\"@type\":\"ReadAction\",\"target\":[\"https:\\\/\\\/www.dimarco.it\\\/notizie\\\/prossimi-appuntamenti-in-fiera-marca-2022\"]}]},{\"@type\":\"ImageObject\",\"inLanguage\":\"es\",\"@id\":\"https:\\\/\\\/www.dimarco.it\\\/notizie\\\/prossimi-appuntamenti-in-fiera-marca-2022#primaryimage\",\"url\":\"https:\\\/\\\/www.dimarco.it\\\/wp-content\\\/uploads\\\/2025\\\/01\\\/di-marco-fiera-marca-2022-bologna.jpg\",\"contentUrl\":\"https:\\\/\\\/www.dimarco.it\\\/wp-content\\\/uploads\\\/2025\\\/01\\\/di-marco-fiera-marca-2022-bologna.jpg\",\"width\":1200,\"height\":630,\"caption\":\"di-marco-fiera-marca-2022-bologna\"},{\"@type\":\"BreadcrumbList\",\"@id\":\"https:\\\/\\\/www.dimarco.it\\\/notizie\\\/prossimi-appuntamenti-in-fiera-marca-2022#breadcrumb\",\"itemListElement\":[{\"@type\":\"ListItem\",\"position\":1,\"name\":\"Home\",\"item\":\"https:\\\/\\\/www.dimarco.it\\\/\"},{\"@type\":\"ListItem\",\"position\":2,\"name\":\"Prossimi appuntamenti in fiera: Marca 2022\"}]},{\"@type\":\"WebSite\",\"@id\":\"https:\\\/\\\/www.dimarco.it\\\/#website\",\"url\":\"https:\\\/\\\/www.dimarco.it\\\/\",\"name\":\"Di Marco\",\"description\":\"\",\"publisher\":{\"@id\":\"https:\\\/\\\/www.dimarco.it\\\/#organization\"},\"potentialAction\":[{\"@type\":\"SearchAction\",\"target\":{\"@type\":\"EntryPoint\",\"urlTemplate\":\"https:\\\/\\\/www.dimarco.it\\\/?s={search_term_string}\"},\"query-input\":{\"@type\":\"PropertyValueSpecification\",\"valueRequired\":true,\"valueName\":\"search_term_string\"}}],\"inLanguage\":\"es\"},{\"@type\":\"Organization\",\"@id\":\"https:\\\/\\\/www.dimarco.it\\\/#organization\",\"name\":\"Di Marco\",\"url\":\"https:\\\/\\\/www.dimarco.it\\\/\",\"logo\":{\"@type\":\"ImageObject\",\"inLanguage\":\"es\",\"@id\":\"https:\\\/\\\/www.dimarco.it\\\/#\\\/schema\\\/logo\\\/image\\\/\",\"url\":\"https:\\\/\\\/www.dimarco.it\\\/wp-content\\\/uploads\\\/2024\\\/11\\\/DI-MARCO_LOGO_Corporate-2024Positivo.svg\",\"contentUrl\":\"https:\\\/\\\/www.dimarco.it\\\/wp-content\\\/uploads\\\/2024\\\/11\\\/DI-MARCO_LOGO_Corporate-2024Positivo.svg\",\"width\":338,\"height\":95,\"caption\":\"Di Marco\"},\"image\":{\"@id\":\"https:\\\/\\\/www.dimarco.it\\\/#\\\/schema\\\/logo\\\/image\\\/\"}},{\"@type\":\"Person\",\"@id\":\"https:\\\/\\\/www.dimarco.it\\\/#\\\/schema\\\/person\\\/1f5d7270668e519d817b3cae0a1eb5ec\",\"name\":\"DiMarcAdmin\",\"image\":{\"@type\":\"ImageObject\",\"inLanguage\":\"es\",\"@id\":\"https:\\\/\\\/secure.gravatar.com\\\/avatar\\\/478c03fd22885498819fdc01505a896cee4f1a154787c4dd8a20194c75b2fd3e?s=96&d=mm&r=g\",\"url\":\"https:\\\/\\\/secure.gravatar.com\\\/avatar\\\/478c03fd22885498819fdc01505a896cee4f1a154787c4dd8a20194c75b2fd3e?s=96&d=mm&r=g\",\"contentUrl\":\"https:\\\/\\\/secure.gravatar.com\\\/avatar\\\/478c03fd22885498819fdc01505a896cee4f1a154787c4dd8a20194c75b2fd3e?s=96&d=mm&r=g\",\"caption\":\"DiMarcAdmin\"},\"sameAs\":[\"https:\\\/\\\/dev.adfr.it\\\/dimarco\"],\"url\":\"https:\\\/\\\/www.dimarco.it\\\/es\\\/author\\\/dimarcadmin\"}]}<\/script>\n<!-- \/ Yoast SEO plugin. -->","yoast_head_json":{"title":"Pr\u00f3ximos eventos feriales: Marca 2022 - Di Marco","description":"Los d\u00edas 12 y 13 de abril, Di Marco estar\u00e1 en Bolonia con motivo de Marca 2022, la principal feria internacional de productos de marca blanca.","robots":{"index":"index","follow":"follow","max-snippet":"max-snippet:-1","max-image-preview":"max-image-preview:large","max-video-preview":"max-video-preview:-1"},"canonical":"https:\/\/www.dimarco.it\/es\/noticias\/proximas-citas-en-la-feria-de-marcas-2022\/","og_locale":"es_ES","og_type":"article","og_title":"Prossimi appuntamenti in fiera: Marca 2022 - Di Marco","og_description":"12 e 13 aprile Di Marco sar\u00e0 a Bologna per Marca 2022, il grande Salone internazionale sui prodotti a Marca del Distributore.","og_url":"https:\/\/www.dimarco.it\/es\/noticias\/proximas-citas-en-la-feria-de-marcas-2022\/","og_site_name":"Di Marco","article_published_time":"2022-04-07T19:27:00+00:00","article_modified_time":"2025-04-01T14:00:47+00:00","og_image":[{"width":1200,"height":630,"url":"https:\/\/www.dimarco.it\/wp-content\/uploads\/2025\/01\/di-marco-fiera-marca-2022-bologna.jpg","type":"image\/jpeg"}],"author":"DiMarcAdmin","twitter_card":"summary_large_image","twitter_misc":{"Escrito por":"DiMarcAdmin","Tiempo de lectura":"2 minutos"},"schema":{"@context":"https:\/\/schema.org","@graph":[{"@type":"Article","@id":"https:\/\/www.dimarco.it\/notizie\/prossimi-appuntamenti-in-fiera-marca-2022#article","isPartOf":{"@id":"https:\/\/www.dimarco.it\/notizie\/prossimi-appuntamenti-in-fiera-marca-2022"},"author":{"name":"DiMarcAdmin","@id":"https:\/\/www.dimarco.it\/#\/schema\/person\/1f5d7270668e519d817b3cae0a1eb5ec"},"headline":"Prossimi appuntamenti in fiera: Marca 2022","datePublished":"2022-04-07T19:27:00+00:00","dateModified":"2025-04-01T14:00:47+00:00","mainEntityOfPage":{"@id":"https:\/\/www.dimarco.it\/notizie\/prossimi-appuntamenti-in-fiera-marca-2022"},"wordCount":375,"publisher":{"@id":"https:\/\/www.dimarco.it\/#organization"},"image":{"@id":"https:\/\/www.dimarco.it\/notizie\/prossimi-appuntamenti-in-fiera-marca-2022#primaryimage"},"thumbnailUrl":"https:\/\/www.dimarco.it\/wp-content\/uploads\/2025\/01\/di-marco-fiera-marca-2022-bologna.jpg","articleSection":["Notizie"],"inLanguage":"es"},{"@type":"WebPage","@id":"https:\/\/www.dimarco.it\/notizie\/prossimi-appuntamenti-in-fiera-marca-2022","url":"https:\/\/www.dimarco.it\/notizie\/prossimi-appuntamenti-in-fiera-marca-2022","name":"Pr\u00f3ximos eventos feriales: Marca 2022 - Di Marco","isPartOf":{"@id":"https:\/\/www.dimarco.it\/#website"},"primaryImageOfPage":{"@id":"https:\/\/www.dimarco.it\/notizie\/prossimi-appuntamenti-in-fiera-marca-2022#primaryimage"},"image":{"@id":"https:\/\/www.dimarco.it\/notizie\/prossimi-appuntamenti-in-fiera-marca-2022#primaryimage"},"thumbnailUrl":"https:\/\/www.dimarco.it\/wp-content\/uploads\/2025\/01\/di-marco-fiera-marca-2022-bologna.jpg","datePublished":"2022-04-07T19:27:00+00:00","dateModified":"2025-04-01T14:00:47+00:00","description":"Los d\u00edas 12 y 13 de abril, Di Marco estar\u00e1 en Bolonia con motivo de Marca 2022, la principal feria internacional de productos de marca blanca.","breadcrumb":{"@id":"https:\/\/www.dimarco.it\/notizie\/prossimi-appuntamenti-in-fiera-marca-2022#breadcrumb"},"inLanguage":"es","potentialAction":[{"@type":"ReadAction","target":["https:\/\/www.dimarco.it\/notizie\/prossimi-appuntamenti-in-fiera-marca-2022"]}]},{"@type":"ImageObject","inLanguage":"es","@id":"https:\/\/www.dimarco.it\/notizie\/prossimi-appuntamenti-in-fiera-marca-2022#primaryimage","url":"https:\/\/www.dimarco.it\/wp-content\/uploads\/2025\/01\/di-marco-fiera-marca-2022-bologna.jpg","contentUrl":"https:\/\/www.dimarco.it\/wp-content\/uploads\/2025\/01\/di-marco-fiera-marca-2022-bologna.jpg","width":1200,"height":630,"caption":"di-marco-fiera-marca-2022-bologna"},{"@type":"BreadcrumbList","@id":"https:\/\/www.dimarco.it\/notizie\/prossimi-appuntamenti-in-fiera-marca-2022#breadcrumb","itemListElement":[{"@type":"ListItem","position":1,"name":"Home","item":"https:\/\/www.dimarco.it\/"},{"@type":"ListItem","position":2,"name":"Prossimi appuntamenti in fiera: Marca 2022"}]},{"@type":"WebSite","@id":"https:\/\/www.dimarco.it\/#website","url":"https:\/\/www.dimarco.it\/","name":"Di Marco","description":"","publisher":{"@id":"https:\/\/www.dimarco.it\/#organization"},"potentialAction":[{"@type":"SearchAction","target":{"@type":"EntryPoint","urlTemplate":"https:\/\/www.dimarco.it\/?s={search_term_string}"},"query-input":{"@type":"PropertyValueSpecification","valueRequired":true,"valueName":"search_term_string"}}],"inLanguage":"es"},{"@type":"Organization","@id":"https:\/\/www.dimarco.it\/#organization","name":"Di Marco","url":"https:\/\/www.dimarco.it\/","logo":{"@type":"ImageObject","inLanguage":"es","@id":"https:\/\/www.dimarco.it\/#\/schema\/logo\/image\/","url":"https:\/\/www.dimarco.it\/wp-content\/uploads\/2024\/11\/DI-MARCO_LOGO_Corporate-2024Positivo.svg","contentUrl":"https:\/\/www.dimarco.it\/wp-content\/uploads\/2024\/11\/DI-MARCO_LOGO_Corporate-2024Positivo.svg","width":338,"height":95,"caption":"Di Marco"},"image":{"@id":"https:\/\/www.dimarco.it\/#\/schema\/logo\/image\/"}},{"@type":"Person","@id":"https:\/\/www.dimarco.it\/#\/schema\/person\/1f5d7270668e519d817b3cae0a1eb5ec","name":"Por MarcAdmin","image":{"@type":"ImageObject","inLanguage":"es","@id":"https:\/\/secure.gravatar.com\/avatar\/478c03fd22885498819fdc01505a896cee4f1a154787c4dd8a20194c75b2fd3e?s=96&d=mm&r=g","url":"https:\/\/secure.gravatar.com\/avatar\/478c03fd22885498819fdc01505a896cee4f1a154787c4dd8a20194c75b2fd3e?s=96&d=mm&r=g","contentUrl":"https:\/\/secure.gravatar.com\/avatar\/478c03fd22885498819fdc01505a896cee4f1a154787c4dd8a20194c75b2fd3e?s=96&d=mm&r=g","caption":"DiMarcAdmin"},"sameAs":["https:\/\/dev.adfr.it\/dimarco"],"url":"https:\/\/www.dimarco.it\/es\/author\/dimarcadmin"}]}},"_links":{"self":[{"href":"https:\/\/www.dimarco.it\/es\/wp-json\/wp\/v2\/posts\/1254","targetHints":{"allow":["GET"]}}],"collection":[{"href":"https:\/\/www.dimarco.it\/es\/wp-json\/wp\/v2\/posts"}],"about":[{"href":"https:\/\/www.dimarco.it\/es\/wp-json\/wp\/v2\/types\/post"}],"author":[{"embeddable":true,"href":"https:\/\/www.dimarco.it\/es\/wp-json\/wp\/v2\/users\/1"}],"replies":[{"embeddable":true,"href":"https:\/\/www.dimarco.it\/es\/wp-json\/wp\/v2\/comments?post=1254"}],"version-history":[{"count":0,"href":"https:\/\/www.dimarco.it\/es\/wp-json\/wp\/v2\/posts\/1254\/revisions"}],"wp:featuredmedia":[{"embeddable":true,"href":"https:\/\/www.dimarco.it\/es\/wp-json\/wp\/v2\/media\/1255"}],"wp:attachment":[{"href":"https:\/\/www.dimarco.it\/es\/wp-json\/wp\/v2\/media?parent=1254"}],"wp:term":[{"taxonomy":"category","embeddable":true,"href":"https:\/\/www.dimarco.it\/es\/wp-json\/wp\/v2\/categories?post=1254"},{"taxonomy":"post_tag","embeddable":true,"href":"https:\/\/www.dimarco.it\/es\/wp-json\/wp\/v2\/tags?post=1254"}],"curies":[{"name":"wp","href":"https:\/\/api.w.org\/{rel}","templated":true}]}}