{"id":1263,"date":"2022-05-02T21:34:00","date_gmt":"2022-05-02T19:34:00","guid":{"rendered":"https:\/\/dev.adfr.it\/dimarco\/?p=1263"},"modified":"2025-04-01T16:00:47","modified_gmt":"2025-04-01T14:00:47","slug":"por-marco-en-cibus-parma-bienvenido-a-foodland","status":"publish","type":"post","link":"https:\/\/www.dimarco.it\/es\/notizie\/di-marco-a-cibus-parma-welcome-to-foodland","title":{"rendered":"Di Marco en Cibus Parma: \u00a1bienvenido a la tierra de la comida!"},"content":{"rendered":"<p>Inauguramos el mes de mayo participando en la 21\u00aa edici\u00f3n de <strong>Cibus 2022 en Parma<\/strong>:Estaremos presentes con una amplia zona de exposici\u00f3n (Hall 3, Stand C 014) que albergar\u00e1 lo mejor de nuestra<strong> harinas profesionales<\/strong> Para pizza y Pinsa y todos nuestros <strong>L\u00ednea de nubes <\/strong>dedicada a la gran distribuci\u00f3n, con las bases originales de Pinsa Romana en las versiones Cl\u00e1sica, Multicereal y Ambiente.<\/p>\n\n\n\n<p>Durante la feria, los expertos pinsaioli Di Marco elaborar\u00e1n Pinse Romane en diferentes versiones, dulces y saladas, con condimentos tradicionales y vegetarianos, para hacer probar al p\u00fablico de Cibus las bondades de nuestros productos.<\/p>\n\n\n\n<h2 class=\"wp-block-heading\">EN CIBUS CON HARINAS PROFESIONALES DI MARCO<\/h2>\n\n\n\n<p>En Cibus estar\u00e1 expuesta toda nuestra l\u00ednea de harinas dedicadas al sector de la panader\u00eda y la restauraci\u00f3n: desde las dedicadas a la preparaci\u00f3n de Pinsa Romana hasta las para diferentes tipos de pizza como la <strong>Pala<\/strong>, el <strong>Bandeja para hornear<\/strong>, el <strong>Redondo<\/strong>, hasta la harina m\u00e1s reciente <strong>Multigrano<\/strong>yo, para masas con sabor r\u00fastico e integral. <\/p>\n\n\n\n<p>Las harinas Di Marco nacen de una cuidadosa investigaci\u00f3n para seleccionar los mejores ingredientes y est\u00e1n dise\u00f1adas para garantizar <strong>Ligereza y alta digestibilidad<\/strong> de la masa. <\/p>\n\n\n\n<h2 class=\"wp-block-heading\">GRAN ESPACIO PARA LA L\u00cdNEA CLOUD<\/h2>\n\n\n\n<p>Gran \u00e9nfasis tambi\u00e9n en <strong>Nube<\/strong>, la l\u00ednea de bases originales de Pinsa Romana listas en 5 minutos en el horno: <strong>Nube cl\u00e1sica<\/strong> Y <strong>Nube multigrano<\/strong> Flanqueado por la \u00faltima llegada a casa Di Marco, <strong>Nube ambiental<\/strong>Esta \u00faltima se distingue de las versiones anteriores por ser la primera que se puede conservar c\u00f3modamente fuera del frigor\u00edfico, manteniendo las caracter\u00edsticas de ligereza y autenticidad que le otorga la mezcla especial de harinas de soja, arroz y trigo y una larga fermentaci\u00f3n de 72 horas.<\/p>\n\n\n\n<p>La Pinsa Romana, inventada por Corrado Di Marco en 2001 y caracterizada por su inconfundible forma alargada y ligeramente aplanada, hoy en d\u00eda est\u00e1 muy extendida y es apreciada en todo el mundo por su sabor, su elevada digestibilidad y su consistencia crujiente por fuera y tierna por dentro.<\/p>\n\n\n\n<blockquote class=\"wp-block-quote is-layout-flow wp-block-quote-is-layout-flow\">\n<p>Participar en Cibus con nuestras harinas y bases de Pinsa Romana en el coraz\u00f3n del Food Valley es una oportunidad importante para fortalecer la relaci\u00f3n con los compradores y dar a conocer a\u00fan m\u00e1s nuestros productos al sector profesional y a la gran distribuci\u00f3n. Nuestro objetivo es comunicar la calidad de nuestros productos, destacando su sabor, versatilidad y ligereza, coment\u00f3. <strong>Alberto Di Marco<\/strong>, Gerente Ejecutivo de Ventas Di Marco<\/p>\n<\/blockquote>","protected":false},"excerpt":{"rendered":"<p>Apriamo il mese di maggio con la partecipazione alla 21esima edizione di Cibus 2022 a Parma: saremo presenti con una vasta area espositiva (Pad. 3, Stand C 014) che ospiter\u00e0 tutto il meglio delle nostre farine professionali per pizza e Pinsa e tutta la nostra linea Nuvola dedicata alla grande distribuzione, con le basi di [&hellip;]<\/p>\n","protected":false},"author":1,"featured_media":1264,"comment_status":"closed","ping_status":"open","sticky":false,"template":"","format":"standard","meta":{"footnotes":""},"categories":[52],"tags":[],"class_list":["post-1263","post","type-post","status-publish","format-standard","has-post-thumbnail","hentry","category-notizie"],"yoast_head":"<!-- This site is optimized with the Yoast SEO plugin v27.5 - https:\/\/yoast.com\/product\/yoast-seo-wordpress\/ -->\n<title>Di Marco a Cibus Parma: welcome to foodland! - Di Marco<\/title>\n<meta name=\"description\" content=\"Dal 3 al 6 maggio saremo presenti al Salone di Parma con un vasto spazio espositivo nel quale sar\u00e0 possibile conoscere l\u2019ampia gamma di farine professionali e gustare Nuvola.\" \/>\n<meta name=\"robots\" content=\"index, follow, max-snippet:-1, max-image-preview:large, max-video-preview:-1\" \/>\n<link rel=\"canonical\" href=\"https:\/\/www.dimarco.it\/es\/noticias\/por-marco-en-cibus-parma-bienvenido-a-foodland\/\" \/>\n<meta property=\"og:locale\" content=\"es_ES\" \/>\n<meta property=\"og:type\" content=\"article\" \/>\n<meta property=\"og:title\" content=\"Di Marco a Cibus Parma: welcome to foodland! - Di Marco\" \/>\n<meta property=\"og:description\" content=\"Dal 3 al 6 maggio saremo presenti al Salone di Parma con un vasto spazio espositivo nel quale sar\u00e0 possibile conoscere l\u2019ampia gamma di farine professionali e gustare Nuvola.\" \/>\n<meta property=\"og:url\" content=\"https:\/\/www.dimarco.it\/es\/noticias\/por-marco-en-cibus-parma-bienvenido-a-foodland\/\" \/>\n<meta property=\"og:site_name\" content=\"Di Marco\" \/>\n<meta property=\"article:published_time\" content=\"2022-05-02T19:34:00+00:00\" \/>\n<meta property=\"article:modified_time\" content=\"2025-04-01T14:00:47+00:00\" \/>\n<meta property=\"og:image\" content=\"https:\/\/www.dimarco.it\/wp-content\/uploads\/2025\/01\/di_marco_cibus_2022.jpg\" \/>\n\t<meta property=\"og:image:width\" content=\"1200\" \/>\n\t<meta property=\"og:image:height\" content=\"630\" \/>\n\t<meta property=\"og:image:type\" content=\"image\/jpeg\" \/>\n<meta name=\"author\" content=\"DiMarcAdmin\" \/>\n<meta name=\"twitter:card\" content=\"summary_large_image\" \/>\n<meta name=\"twitter:label1\" content=\"Escrito por\" \/>\n\t<meta name=\"twitter:data1\" content=\"DiMarcAdmin\" \/>\n\t<meta name=\"twitter:label2\" content=\"Tiempo de lectura\" \/>\n\t<meta name=\"twitter:data2\" content=\"2 minutos\" \/>\n<script type=\"application\/ld+json\" class=\"yoast-schema-graph\">{\"@context\":\"https:\\\/\\\/schema.org\",\"@graph\":[{\"@type\":\"Article\",\"@id\":\"https:\\\/\\\/www.dimarco.it\\\/notizie\\\/di-marco-a-cibus-parma-welcome-to-foodland#article\",\"isPartOf\":{\"@id\":\"https:\\\/\\\/www.dimarco.it\\\/notizie\\\/di-marco-a-cibus-parma-welcome-to-foodland\"},\"author\":{\"name\":\"DiMarcAdmin\",\"@id\":\"https:\\\/\\\/www.dimarco.it\\\/#\\\/schema\\\/person\\\/1f5d7270668e519d817b3cae0a1eb5ec\"},\"headline\":\"Di Marco a Cibus Parma: welcome to foodland!\",\"datePublished\":\"2022-05-02T19:34:00+00:00\",\"dateModified\":\"2025-04-01T14:00:47+00:00\",\"mainEntityOfPage\":{\"@id\":\"https:\\\/\\\/www.dimarco.it\\\/notizie\\\/di-marco-a-cibus-parma-welcome-to-foodland\"},\"wordCount\":389,\"publisher\":{\"@id\":\"https:\\\/\\\/www.dimarco.it\\\/#organization\"},\"image\":{\"@id\":\"https:\\\/\\\/www.dimarco.it\\\/notizie\\\/di-marco-a-cibus-parma-welcome-to-foodland#primaryimage\"},\"thumbnailUrl\":\"https:\\\/\\\/www.dimarco.it\\\/wp-content\\\/uploads\\\/2025\\\/01\\\/di_marco_cibus_2022.jpg\",\"articleSection\":[\"Notizie\"],\"inLanguage\":\"es\"},{\"@type\":\"WebPage\",\"@id\":\"https:\\\/\\\/www.dimarco.it\\\/notizie\\\/di-marco-a-cibus-parma-welcome-to-foodland\",\"url\":\"https:\\\/\\\/www.dimarco.it\\\/notizie\\\/di-marco-a-cibus-parma-welcome-to-foodland\",\"name\":\"Di Marco a Cibus Parma: welcome to foodland! - Di Marco\",\"isPartOf\":{\"@id\":\"https:\\\/\\\/www.dimarco.it\\\/#website\"},\"primaryImageOfPage\":{\"@id\":\"https:\\\/\\\/www.dimarco.it\\\/notizie\\\/di-marco-a-cibus-parma-welcome-to-foodland#primaryimage\"},\"image\":{\"@id\":\"https:\\\/\\\/www.dimarco.it\\\/notizie\\\/di-marco-a-cibus-parma-welcome-to-foodland#primaryimage\"},\"thumbnailUrl\":\"https:\\\/\\\/www.dimarco.it\\\/wp-content\\\/uploads\\\/2025\\\/01\\\/di_marco_cibus_2022.jpg\",\"datePublished\":\"2022-05-02T19:34:00+00:00\",\"dateModified\":\"2025-04-01T14:00:47+00:00\",\"description\":\"Dal 3 al 6 maggio saremo presenti al Salone di Parma con un vasto spazio espositivo nel quale sar\u00e0 possibile conoscere l\u2019ampia gamma di farine professionali e gustare Nuvola.\",\"breadcrumb\":{\"@id\":\"https:\\\/\\\/www.dimarco.it\\\/notizie\\\/di-marco-a-cibus-parma-welcome-to-foodland#breadcrumb\"},\"inLanguage\":\"es\",\"potentialAction\":[{\"@type\":\"ReadAction\",\"target\":[\"https:\\\/\\\/www.dimarco.it\\\/notizie\\\/di-marco-a-cibus-parma-welcome-to-foodland\"]}]},{\"@type\":\"ImageObject\",\"inLanguage\":\"es\",\"@id\":\"https:\\\/\\\/www.dimarco.it\\\/notizie\\\/di-marco-a-cibus-parma-welcome-to-foodland#primaryimage\",\"url\":\"https:\\\/\\\/www.dimarco.it\\\/wp-content\\\/uploads\\\/2025\\\/01\\\/di_marco_cibus_2022.jpg\",\"contentUrl\":\"https:\\\/\\\/www.dimarco.it\\\/wp-content\\\/uploads\\\/2025\\\/01\\\/di_marco_cibus_2022.jpg\",\"width\":1200,\"height\":630,\"caption\":\"di_marco_cibus_2022\"},{\"@type\":\"BreadcrumbList\",\"@id\":\"https:\\\/\\\/www.dimarco.it\\\/notizie\\\/di-marco-a-cibus-parma-welcome-to-foodland#breadcrumb\",\"itemListElement\":[{\"@type\":\"ListItem\",\"position\":1,\"name\":\"Home\",\"item\":\"https:\\\/\\\/www.dimarco.it\\\/\"},{\"@type\":\"ListItem\",\"position\":2,\"name\":\"Di Marco a Cibus Parma: welcome to foodland!\"}]},{\"@type\":\"WebSite\",\"@id\":\"https:\\\/\\\/www.dimarco.it\\\/#website\",\"url\":\"https:\\\/\\\/www.dimarco.it\\\/\",\"name\":\"Di Marco\",\"description\":\"\",\"publisher\":{\"@id\":\"https:\\\/\\\/www.dimarco.it\\\/#organization\"},\"potentialAction\":[{\"@type\":\"SearchAction\",\"target\":{\"@type\":\"EntryPoint\",\"urlTemplate\":\"https:\\\/\\\/www.dimarco.it\\\/?s={search_term_string}\"},\"query-input\":{\"@type\":\"PropertyValueSpecification\",\"valueRequired\":true,\"valueName\":\"search_term_string\"}}],\"inLanguage\":\"es\"},{\"@type\":\"Organization\",\"@id\":\"https:\\\/\\\/www.dimarco.it\\\/#organization\",\"name\":\"Di Marco\",\"url\":\"https:\\\/\\\/www.dimarco.it\\\/\",\"logo\":{\"@type\":\"ImageObject\",\"inLanguage\":\"es\",\"@id\":\"https:\\\/\\\/www.dimarco.it\\\/#\\\/schema\\\/logo\\\/image\\\/\",\"url\":\"https:\\\/\\\/www.dimarco.it\\\/wp-content\\\/uploads\\\/2024\\\/11\\\/DI-MARCO_LOGO_Corporate-2024Positivo.svg\",\"contentUrl\":\"https:\\\/\\\/www.dimarco.it\\\/wp-content\\\/uploads\\\/2024\\\/11\\\/DI-MARCO_LOGO_Corporate-2024Positivo.svg\",\"width\":338,\"height\":95,\"caption\":\"Di Marco\"},\"image\":{\"@id\":\"https:\\\/\\\/www.dimarco.it\\\/#\\\/schema\\\/logo\\\/image\\\/\"}},{\"@type\":\"Person\",\"@id\":\"https:\\\/\\\/www.dimarco.it\\\/#\\\/schema\\\/person\\\/1f5d7270668e519d817b3cae0a1eb5ec\",\"name\":\"DiMarcAdmin\",\"image\":{\"@type\":\"ImageObject\",\"inLanguage\":\"es\",\"@id\":\"https:\\\/\\\/secure.gravatar.com\\\/avatar\\\/478c03fd22885498819fdc01505a896cee4f1a154787c4dd8a20194c75b2fd3e?s=96&d=mm&r=g\",\"url\":\"https:\\\/\\\/secure.gravatar.com\\\/avatar\\\/478c03fd22885498819fdc01505a896cee4f1a154787c4dd8a20194c75b2fd3e?s=96&d=mm&r=g\",\"contentUrl\":\"https:\\\/\\\/secure.gravatar.com\\\/avatar\\\/478c03fd22885498819fdc01505a896cee4f1a154787c4dd8a20194c75b2fd3e?s=96&d=mm&r=g\",\"caption\":\"DiMarcAdmin\"},\"sameAs\":[\"https:\\\/\\\/dev.adfr.it\\\/dimarco\"],\"url\":\"https:\\\/\\\/www.dimarco.it\\\/es\\\/author\\\/dimarcadmin\"}]}<\/script>\n<!-- \/ Yoast SEO plugin. -->","yoast_head_json":{"title":"Di Marco en Cibus Parma: \u00a1bienvenidos a la tierra de la comida! - Di Marco","description":"Del 3 al 6 de mayo estaremos presentes en el Salone di Parma con un gran espacio expositivo donde ser\u00e1 posible descubrir la amplia gama de harinas profesionales y degustar Nuvola.","robots":{"index":"index","follow":"follow","max-snippet":"max-snippet:-1","max-image-preview":"max-image-preview:large","max-video-preview":"max-video-preview:-1"},"canonical":"https:\/\/www.dimarco.it\/es\/noticias\/por-marco-en-cibus-parma-bienvenido-a-foodland\/","og_locale":"es_ES","og_type":"article","og_title":"Di Marco a Cibus Parma: welcome to foodland! - Di Marco","og_description":"Dal 3 al 6 maggio saremo presenti al Salone di Parma con un vasto spazio espositivo nel quale sar\u00e0 possibile conoscere l\u2019ampia gamma di farine professionali e gustare Nuvola.","og_url":"https:\/\/www.dimarco.it\/es\/noticias\/por-marco-en-cibus-parma-bienvenido-a-foodland\/","og_site_name":"Di Marco","article_published_time":"2022-05-02T19:34:00+00:00","article_modified_time":"2025-04-01T14:00:47+00:00","og_image":[{"width":1200,"height":630,"url":"https:\/\/www.dimarco.it\/wp-content\/uploads\/2025\/01\/di_marco_cibus_2022.jpg","type":"image\/jpeg"}],"author":"DiMarcAdmin","twitter_card":"summary_large_image","twitter_misc":{"Escrito por":"DiMarcAdmin","Tiempo de lectura":"2 minutos"},"schema":{"@context":"https:\/\/schema.org","@graph":[{"@type":"Article","@id":"https:\/\/www.dimarco.it\/notizie\/di-marco-a-cibus-parma-welcome-to-foodland#article","isPartOf":{"@id":"https:\/\/www.dimarco.it\/notizie\/di-marco-a-cibus-parma-welcome-to-foodland"},"author":{"name":"DiMarcAdmin","@id":"https:\/\/www.dimarco.it\/#\/schema\/person\/1f5d7270668e519d817b3cae0a1eb5ec"},"headline":"Di Marco a Cibus Parma: welcome to foodland!","datePublished":"2022-05-02T19:34:00+00:00","dateModified":"2025-04-01T14:00:47+00:00","mainEntityOfPage":{"@id":"https:\/\/www.dimarco.it\/notizie\/di-marco-a-cibus-parma-welcome-to-foodland"},"wordCount":389,"publisher":{"@id":"https:\/\/www.dimarco.it\/#organization"},"image":{"@id":"https:\/\/www.dimarco.it\/notizie\/di-marco-a-cibus-parma-welcome-to-foodland#primaryimage"},"thumbnailUrl":"https:\/\/www.dimarco.it\/wp-content\/uploads\/2025\/01\/di_marco_cibus_2022.jpg","articleSection":["Notizie"],"inLanguage":"es"},{"@type":"WebPage","@id":"https:\/\/www.dimarco.it\/notizie\/di-marco-a-cibus-parma-welcome-to-foodland","url":"https:\/\/www.dimarco.it\/notizie\/di-marco-a-cibus-parma-welcome-to-foodland","name":"Di Marco en Cibus Parma: \u00a1bienvenidos a la tierra de la comida! - Di Marco","isPartOf":{"@id":"https:\/\/www.dimarco.it\/#website"},"primaryImageOfPage":{"@id":"https:\/\/www.dimarco.it\/notizie\/di-marco-a-cibus-parma-welcome-to-foodland#primaryimage"},"image":{"@id":"https:\/\/www.dimarco.it\/notizie\/di-marco-a-cibus-parma-welcome-to-foodland#primaryimage"},"thumbnailUrl":"https:\/\/www.dimarco.it\/wp-content\/uploads\/2025\/01\/di_marco_cibus_2022.jpg","datePublished":"2022-05-02T19:34:00+00:00","dateModified":"2025-04-01T14:00:47+00:00","description":"Del 3 al 6 de mayo estaremos presentes en el Salone di Parma con un gran espacio expositivo donde ser\u00e1 posible descubrir la amplia gama de harinas profesionales y degustar Nuvola.","breadcrumb":{"@id":"https:\/\/www.dimarco.it\/notizie\/di-marco-a-cibus-parma-welcome-to-foodland#breadcrumb"},"inLanguage":"es","potentialAction":[{"@type":"ReadAction","target":["https:\/\/www.dimarco.it\/notizie\/di-marco-a-cibus-parma-welcome-to-foodland"]}]},{"@type":"ImageObject","inLanguage":"es","@id":"https:\/\/www.dimarco.it\/notizie\/di-marco-a-cibus-parma-welcome-to-foodland#primaryimage","url":"https:\/\/www.dimarco.it\/wp-content\/uploads\/2025\/01\/di_marco_cibus_2022.jpg","contentUrl":"https:\/\/www.dimarco.it\/wp-content\/uploads\/2025\/01\/di_marco_cibus_2022.jpg","width":1200,"height":630,"caption":"di_marco_cibus_2022"},{"@type":"BreadcrumbList","@id":"https:\/\/www.dimarco.it\/notizie\/di-marco-a-cibus-parma-welcome-to-foodland#breadcrumb","itemListElement":[{"@type":"ListItem","position":1,"name":"Home","item":"https:\/\/www.dimarco.it\/"},{"@type":"ListItem","position":2,"name":"Di Marco a Cibus Parma: welcome to foodland!"}]},{"@type":"WebSite","@id":"https:\/\/www.dimarco.it\/#website","url":"https:\/\/www.dimarco.it\/","name":"Di Marco","description":"","publisher":{"@id":"https:\/\/www.dimarco.it\/#organization"},"potentialAction":[{"@type":"SearchAction","target":{"@type":"EntryPoint","urlTemplate":"https:\/\/www.dimarco.it\/?s={search_term_string}"},"query-input":{"@type":"PropertyValueSpecification","valueRequired":true,"valueName":"search_term_string"}}],"inLanguage":"es"},{"@type":"Organization","@id":"https:\/\/www.dimarco.it\/#organization","name":"Di Marco","url":"https:\/\/www.dimarco.it\/","logo":{"@type":"ImageObject","inLanguage":"es","@id":"https:\/\/www.dimarco.it\/#\/schema\/logo\/image\/","url":"https:\/\/www.dimarco.it\/wp-content\/uploads\/2024\/11\/DI-MARCO_LOGO_Corporate-2024Positivo.svg","contentUrl":"https:\/\/www.dimarco.it\/wp-content\/uploads\/2024\/11\/DI-MARCO_LOGO_Corporate-2024Positivo.svg","width":338,"height":95,"caption":"Di Marco"},"image":{"@id":"https:\/\/www.dimarco.it\/#\/schema\/logo\/image\/"}},{"@type":"Person","@id":"https:\/\/www.dimarco.it\/#\/schema\/person\/1f5d7270668e519d817b3cae0a1eb5ec","name":"Por MarcAdmin","image":{"@type":"ImageObject","inLanguage":"es","@id":"https:\/\/secure.gravatar.com\/avatar\/478c03fd22885498819fdc01505a896cee4f1a154787c4dd8a20194c75b2fd3e?s=96&d=mm&r=g","url":"https:\/\/secure.gravatar.com\/avatar\/478c03fd22885498819fdc01505a896cee4f1a154787c4dd8a20194c75b2fd3e?s=96&d=mm&r=g","contentUrl":"https:\/\/secure.gravatar.com\/avatar\/478c03fd22885498819fdc01505a896cee4f1a154787c4dd8a20194c75b2fd3e?s=96&d=mm&r=g","caption":"DiMarcAdmin"},"sameAs":["https:\/\/dev.adfr.it\/dimarco"],"url":"https:\/\/www.dimarco.it\/es\/author\/dimarcadmin"}]}},"_links":{"self":[{"href":"https:\/\/www.dimarco.it\/es\/wp-json\/wp\/v2\/posts\/1263","targetHints":{"allow":["GET"]}}],"collection":[{"href":"https:\/\/www.dimarco.it\/es\/wp-json\/wp\/v2\/posts"}],"about":[{"href":"https:\/\/www.dimarco.it\/es\/wp-json\/wp\/v2\/types\/post"}],"author":[{"embeddable":true,"href":"https:\/\/www.dimarco.it\/es\/wp-json\/wp\/v2\/users\/1"}],"replies":[{"embeddable":true,"href":"https:\/\/www.dimarco.it\/es\/wp-json\/wp\/v2\/comments?post=1263"}],"version-history":[{"count":0,"href":"https:\/\/www.dimarco.it\/es\/wp-json\/wp\/v2\/posts\/1263\/revisions"}],"wp:featuredmedia":[{"embeddable":true,"href":"https:\/\/www.dimarco.it\/es\/wp-json\/wp\/v2\/media\/1264"}],"wp:attachment":[{"href":"https:\/\/www.dimarco.it\/es\/wp-json\/wp\/v2\/media?parent=1263"}],"wp:term":[{"taxonomy":"category","embeddable":true,"href":"https:\/\/www.dimarco.it\/es\/wp-json\/wp\/v2\/categories?post=1263"},{"taxonomy":"post_tag","embeddable":true,"href":"https:\/\/www.dimarco.it\/es\/wp-json\/wp\/v2\/tags?post=1263"}],"curies":[{"name":"wp","href":"https:\/\/api.w.org\/{rel}","templated":true}]}}