{"id":1148,"date":"2021-06-21T11:06:00","date_gmt":"2021-06-21T09:06:00","guid":{"rendered":"https:\/\/dev.adfr.it\/dimarco\/?p=1148"},"modified":"2025-04-01T16:00:47","modified_gmt":"2025-04-01T14:00:47","slug":"la-ville-de-la-pizza-levenement-du-redemarrage","status":"publish","type":"post","link":"https:\/\/www.dimarco.it\/fr\/notizie\/la-citta-della-pizza-levento-della-ripartenza","title":{"rendered":"La Cit\u00e9 de la Pizza, l&#039;\u00e9v\u00e9nement de red\u00e9marrage"},"content":{"rendered":"<p><em>La Cit\u00e9 de la Pizza s&#039;est tenue \u00e0 Rome en juin : un \u00e9v\u00e9nement d\u00e9di\u00e9 au go\u00fbt qui a vu le red\u00e9marrage des \u00e9v\u00e9nements du secteur<br><\/em>L&#039;Olympe des pizza\u00efolos italiens r\u00e9unis \u00e0 Rome pour l&#039;\u00e9v\u00e9nement La <strong>La ville de la pizza<\/strong> qui s&#039;est tenue du 18 au 20 juin. <\/p>\n\n\n\n<p>Un \u00e9v\u00e9nement important qui a marqu\u00e9 le red\u00e9marrage des \u00e9v\u00e9nements d\u00e9di\u00e9s au secteur : pour cette \u00e9dition 2021 nous \u00e9tions \u00e9galement pr\u00e9sents avec un espace d\u00e9di\u00e9 \u00e0 notre fleuron, le<strong> Pinsa romaine<\/strong>.<\/p>\n\n\n\n<p>Sur sc\u00e8ne lors de cet \u00e9v\u00e9nement, il y avait plus de 60 pizza\u00efolos et parmi eux une \u00e9quipe de ma\u00eetres pinsa\u00efoli directement issus de notre <em>Association romaine originale de Pinsa<\/em>: Marco Montuori, Domenico De Rosa, Cristina Cipriani, Daniele Papa, Danilo Orsini, Amedeo Di Segni, Francesco Disperso ont \u00e9t\u00e9 les protagonistes d&#039;un espace d\u00e9di\u00e9 aux ateliers et laboratoires sur la pinsa.<\/p>\n\n\n\n<p>La Cit\u00e9 de la Pizza a \u00e9t\u00e9 un moment important car elle a vu se r\u00e9unir \u00e0 nouveau tous les grands professionnels du monde de la pizzeria, anim\u00e9s par l&#039;\u00e9norme d\u00e9sir de red\u00e9marrer les moteurs et de se retrouver. <\/p>\n\n\n\n<p>La r\u00e9ponse du public a \u00e9t\u00e9 excellente : malgr\u00e9 les restrictions dict\u00e9es par l&#039;urgence sanitaire et les entr\u00e9es limit\u00e9es, de nombreux fans, confirm\u00e9s et nouveaux, ont assist\u00e9 \u00e0 l&#039;\u00e9v\u00e9nement, d\u00e9montrant enthousiasme et int\u00e9r\u00eat comme lors des \u00e9ditions pr\u00e9c\u00e9dentes.<\/p>\n\n\n\n<p>Au cours de l&#039;\u00e9v\u00e9nement, il y avait \u00e9galement un <strong>Pizza debout<\/strong>, le concours des pizzaiolos \u00e9mergents n\u00e9 gr\u00e2ce \u00e0 la collaboration avec Luciana Squadrilli. Le gagnant a \u00e9t\u00e9 Raoul Rotundo, de la pizzeria Fiori di Zucca \u00e0 Rome avec une pizza \u00ab napolitaine \u00bb aux ingr\u00e9dients exceptionnels : Provola, bacon Mangalica, Pecorino erborinato Scorzo Nera de Gregorio Rotolo et artichaut violet de Castellammare.<\/p>\n\n\n\n<p>Enfin, l\u2019\u00e9v\u00e9nement a \u00e9galement \u00e9t\u00e9 l\u2019occasion de pr\u00e9senter le d\u00e9but du processus l\u00e9gislatif propos\u00e9 par <strong>AVPN \u2013 Association de la vraie pizza napolitaine<\/strong> pour la reconnaissance juridique et professionnelle de la figure du pizzaiolo.<\/p>\n\n\n\n<p>Nous sommes tr\u00e8s fiers d\u2019avoir particip\u00e9 \u00e0 un \u00e9v\u00e9nement apr\u00e8s les nombreuses difficult\u00e9s dues \u00e0 l\u2019urgence sanitaire mondiale pour la pand\u00e9mie de Covid-19 : c\u2019est un signal important pour le secteur, qui indique l\u2019importance de se retrouver et de regarder ensemble l\u2019avenir des m\u00e9tiers de la restauration.<\/p>","protected":false},"excerpt":{"rendered":"<p>Si \u00e8 tenuto a Roma nel mese di giugno La citt\u00e0 della Pizza: un evento all\u2019insegna del gusto che ha visto la ripartenza degli eventi del settoreL\u2019Olimpo dei pizzaioli d\u2019Italia si \u00e8 riunito a Roma per l\u2019evento La Citt\u00e0 della Pizza che si \u00e8 tenuto dal 18 al 20 giugno. Un\u2019occasione importante che ha segnato [&hellip;]<\/p>\n","protected":false},"author":1,"featured_media":1149,"comment_status":"closed","ping_status":"open","sticky":false,"template":"","format":"standard","meta":{"footnotes":""},"categories":[52],"tags":[],"class_list":["post-1148","post","type-post","status-publish","format-standard","has-post-thumbnail","hentry","category-notizie"],"yoast_head":"<!-- This site is optimized with the Yoast SEO plugin v27.5 - https:\/\/yoast.com\/product\/yoast-seo-wordpress\/ -->\n<title>La citt\u00e0 della Pizza, l\u2019evento della ripartenza - Di Marco<\/title>\n<meta name=\"description\" content=\"Si \u00e8 tenuto a Roma nel mese di giugno La citt\u00e0 della Pizza: un evento all\u2019insegna del gusto che ha visto la ripartenza degli eventi del settore\" \/>\n<meta name=\"robots\" content=\"index, follow, max-snippet:-1, max-image-preview:large, max-video-preview:-1\" \/>\n<link rel=\"canonical\" href=\"https:\/\/www.dimarco.it\/fr\/nouvelles\/la-ville-de-la-pizza-levenement-du-redemarrage\/\" \/>\n<meta property=\"og:locale\" content=\"fr_FR\" \/>\n<meta property=\"og:type\" content=\"article\" \/>\n<meta property=\"og:title\" content=\"La citt\u00e0 della Pizza, l\u2019evento della ripartenza - Di Marco\" \/>\n<meta property=\"og:description\" content=\"Si \u00e8 tenuto a Roma nel mese di giugno La citt\u00e0 della Pizza: un evento all\u2019insegna del gusto che ha visto la ripartenza degli eventi del settore\" \/>\n<meta property=\"og:url\" content=\"https:\/\/www.dimarco.it\/fr\/nouvelles\/la-ville-de-la-pizza-levenement-du-redemarrage\/\" \/>\n<meta property=\"og:site_name\" content=\"Di Marco\" \/>\n<meta property=\"article:published_time\" content=\"2021-06-21T09:06:00+00:00\" \/>\n<meta property=\"article:modified_time\" content=\"2025-04-01T14:00:47+00:00\" \/>\n<meta property=\"og:image\" content=\"https:\/\/www.dimarco.it\/wp-content\/uploads\/2025\/01\/citta-pizza-evento.jpg\" \/>\n\t<meta property=\"og:image:width\" content=\"1200\" \/>\n\t<meta property=\"og:image:height\" content=\"630\" \/>\n\t<meta property=\"og:image:type\" content=\"image\/jpeg\" \/>\n<meta name=\"author\" content=\"DiMarcAdmin\" \/>\n<meta name=\"twitter:card\" content=\"summary_large_image\" \/>\n<meta name=\"twitter:label1\" content=\"\u00c9crit par\" \/>\n\t<meta name=\"twitter:data1\" content=\"DiMarcAdmin\" \/>\n\t<meta name=\"twitter:label2\" content=\"Dur\u00e9e de lecture estim\u00e9e\" \/>\n\t<meta name=\"twitter:data2\" content=\"3 minutes\" \/>\n<script type=\"application\/ld+json\" class=\"yoast-schema-graph\">{\"@context\":\"https:\\\/\\\/schema.org\",\"@graph\":[{\"@type\":\"Article\",\"@id\":\"https:\\\/\\\/www.dimarco.it\\\/notizie\\\/la-citta-della-pizza-levento-della-ripartenza#article\",\"isPartOf\":{\"@id\":\"https:\\\/\\\/www.dimarco.it\\\/notizie\\\/la-citta-della-pizza-levento-della-ripartenza\"},\"author\":{\"name\":\"DiMarcAdmin\",\"@id\":\"https:\\\/\\\/www.dimarco.it\\\/#\\\/schema\\\/person\\\/1f5d7270668e519d817b3cae0a1eb5ec\"},\"headline\":\"La citt\u00e0 della Pizza, l\u2019evento della ripartenza\",\"datePublished\":\"2021-06-21T09:06:00+00:00\",\"dateModified\":\"2025-04-01T14:00:47+00:00\",\"mainEntityOfPage\":{\"@id\":\"https:\\\/\\\/www.dimarco.it\\\/notizie\\\/la-citta-della-pizza-levento-della-ripartenza\"},\"wordCount\":353,\"publisher\":{\"@id\":\"https:\\\/\\\/www.dimarco.it\\\/#organization\"},\"image\":{\"@id\":\"https:\\\/\\\/www.dimarco.it\\\/notizie\\\/la-citta-della-pizza-levento-della-ripartenza#primaryimage\"},\"thumbnailUrl\":\"https:\\\/\\\/www.dimarco.it\\\/wp-content\\\/uploads\\\/2025\\\/01\\\/citta-pizza-evento.jpg\",\"articleSection\":[\"Notizie\"],\"inLanguage\":\"fr-FR\"},{\"@type\":\"WebPage\",\"@id\":\"https:\\\/\\\/www.dimarco.it\\\/notizie\\\/la-citta-della-pizza-levento-della-ripartenza\",\"url\":\"https:\\\/\\\/www.dimarco.it\\\/notizie\\\/la-citta-della-pizza-levento-della-ripartenza\",\"name\":\"La citt\u00e0 della Pizza, l\u2019evento della ripartenza - Di Marco\",\"isPartOf\":{\"@id\":\"https:\\\/\\\/www.dimarco.it\\\/#website\"},\"primaryImageOfPage\":{\"@id\":\"https:\\\/\\\/www.dimarco.it\\\/notizie\\\/la-citta-della-pizza-levento-della-ripartenza#primaryimage\"},\"image\":{\"@id\":\"https:\\\/\\\/www.dimarco.it\\\/notizie\\\/la-citta-della-pizza-levento-della-ripartenza#primaryimage\"},\"thumbnailUrl\":\"https:\\\/\\\/www.dimarco.it\\\/wp-content\\\/uploads\\\/2025\\\/01\\\/citta-pizza-evento.jpg\",\"datePublished\":\"2021-06-21T09:06:00+00:00\",\"dateModified\":\"2025-04-01T14:00:47+00:00\",\"description\":\"Si \u00e8 tenuto a Roma nel mese di giugno La citt\u00e0 della Pizza: un evento all\u2019insegna del gusto che ha visto la ripartenza degli eventi del settore\",\"breadcrumb\":{\"@id\":\"https:\\\/\\\/www.dimarco.it\\\/notizie\\\/la-citta-della-pizza-levento-della-ripartenza#breadcrumb\"},\"inLanguage\":\"fr-FR\",\"potentialAction\":[{\"@type\":\"ReadAction\",\"target\":[\"https:\\\/\\\/www.dimarco.it\\\/notizie\\\/la-citta-della-pizza-levento-della-ripartenza\"]}]},{\"@type\":\"ImageObject\",\"inLanguage\":\"fr-FR\",\"@id\":\"https:\\\/\\\/www.dimarco.it\\\/notizie\\\/la-citta-della-pizza-levento-della-ripartenza#primaryimage\",\"url\":\"https:\\\/\\\/www.dimarco.it\\\/wp-content\\\/uploads\\\/2025\\\/01\\\/citta-pizza-evento.jpg\",\"contentUrl\":\"https:\\\/\\\/www.dimarco.it\\\/wp-content\\\/uploads\\\/2025\\\/01\\\/citta-pizza-evento.jpg\",\"width\":1200,\"height\":630},{\"@type\":\"BreadcrumbList\",\"@id\":\"https:\\\/\\\/www.dimarco.it\\\/notizie\\\/la-citta-della-pizza-levento-della-ripartenza#breadcrumb\",\"itemListElement\":[{\"@type\":\"ListItem\",\"position\":1,\"name\":\"Home\",\"item\":\"https:\\\/\\\/www.dimarco.it\\\/\"},{\"@type\":\"ListItem\",\"position\":2,\"name\":\"La citt\u00e0 della Pizza, l\u2019evento della ripartenza\"}]},{\"@type\":\"WebSite\",\"@id\":\"https:\\\/\\\/www.dimarco.it\\\/#website\",\"url\":\"https:\\\/\\\/www.dimarco.it\\\/\",\"name\":\"Di Marco\",\"description\":\"\",\"publisher\":{\"@id\":\"https:\\\/\\\/www.dimarco.it\\\/#organization\"},\"potentialAction\":[{\"@type\":\"SearchAction\",\"target\":{\"@type\":\"EntryPoint\",\"urlTemplate\":\"https:\\\/\\\/www.dimarco.it\\\/?s={search_term_string}\"},\"query-input\":{\"@type\":\"PropertyValueSpecification\",\"valueRequired\":true,\"valueName\":\"search_term_string\"}}],\"inLanguage\":\"fr-FR\"},{\"@type\":\"Organization\",\"@id\":\"https:\\\/\\\/www.dimarco.it\\\/#organization\",\"name\":\"Di Marco\",\"url\":\"https:\\\/\\\/www.dimarco.it\\\/\",\"logo\":{\"@type\":\"ImageObject\",\"inLanguage\":\"fr-FR\",\"@id\":\"https:\\\/\\\/www.dimarco.it\\\/#\\\/schema\\\/logo\\\/image\\\/\",\"url\":\"https:\\\/\\\/www.dimarco.it\\\/wp-content\\\/uploads\\\/2024\\\/11\\\/DI-MARCO_LOGO_Corporate-2024Positivo.svg\",\"contentUrl\":\"https:\\\/\\\/www.dimarco.it\\\/wp-content\\\/uploads\\\/2024\\\/11\\\/DI-MARCO_LOGO_Corporate-2024Positivo.svg\",\"width\":338,\"height\":95,\"caption\":\"Di Marco\"},\"image\":{\"@id\":\"https:\\\/\\\/www.dimarco.it\\\/#\\\/schema\\\/logo\\\/image\\\/\"}},{\"@type\":\"Person\",\"@id\":\"https:\\\/\\\/www.dimarco.it\\\/#\\\/schema\\\/person\\\/1f5d7270668e519d817b3cae0a1eb5ec\",\"name\":\"DiMarcAdmin\",\"image\":{\"@type\":\"ImageObject\",\"inLanguage\":\"fr-FR\",\"@id\":\"https:\\\/\\\/secure.gravatar.com\\\/avatar\\\/478c03fd22885498819fdc01505a896cee4f1a154787c4dd8a20194c75b2fd3e?s=96&d=mm&r=g\",\"url\":\"https:\\\/\\\/secure.gravatar.com\\\/avatar\\\/478c03fd22885498819fdc01505a896cee4f1a154787c4dd8a20194c75b2fd3e?s=96&d=mm&r=g\",\"contentUrl\":\"https:\\\/\\\/secure.gravatar.com\\\/avatar\\\/478c03fd22885498819fdc01505a896cee4f1a154787c4dd8a20194c75b2fd3e?s=96&d=mm&r=g\",\"caption\":\"DiMarcAdmin\"},\"sameAs\":[\"https:\\\/\\\/dev.adfr.it\\\/dimarco\"],\"url\":\"https:\\\/\\\/www.dimarco.it\\\/fr\\\/author\\\/dimarcadmin\"}]}<\/script>\n<!-- \/ Yoast SEO plugin. -->","yoast_head_json":{"title":"La Cit\u00e9 de la Pizza, l&#039;\u00e9v\u00e9nement de red\u00e9marrage - Di Marco","description":"La Cit\u00e9 de la Pizza s&#039;est tenue \u00e0 Rome en juin : un \u00e9v\u00e9nement d\u00e9di\u00e9 au go\u00fbt qui a vu le red\u00e9marrage des \u00e9v\u00e9nements du secteur","robots":{"index":"index","follow":"follow","max-snippet":"max-snippet:-1","max-image-preview":"max-image-preview:large","max-video-preview":"max-video-preview:-1"},"canonical":"https:\/\/www.dimarco.it\/fr\/nouvelles\/la-ville-de-la-pizza-levenement-du-redemarrage\/","og_locale":"fr_FR","og_type":"article","og_title":"La citt\u00e0 della Pizza, l\u2019evento della ripartenza - Di Marco","og_description":"Si \u00e8 tenuto a Roma nel mese di giugno La citt\u00e0 della Pizza: un evento all\u2019insegna del gusto che ha visto la ripartenza degli eventi del settore","og_url":"https:\/\/www.dimarco.it\/fr\/nouvelles\/la-ville-de-la-pizza-levenement-du-redemarrage\/","og_site_name":"Di Marco","article_published_time":"2021-06-21T09:06:00+00:00","article_modified_time":"2025-04-01T14:00:47+00:00","og_image":[{"width":1200,"height":630,"url":"https:\/\/www.dimarco.it\/wp-content\/uploads\/2025\/01\/citta-pizza-evento.jpg","type":"image\/jpeg"}],"author":"DiMarcAdmin","twitter_card":"summary_large_image","twitter_misc":{"\u00c9crit par":"DiMarcAdmin","Dur\u00e9e de lecture estim\u00e9e":"3 minutes"},"schema":{"@context":"https:\/\/schema.org","@graph":[{"@type":"Article","@id":"https:\/\/www.dimarco.it\/notizie\/la-citta-della-pizza-levento-della-ripartenza#article","isPartOf":{"@id":"https:\/\/www.dimarco.it\/notizie\/la-citta-della-pizza-levento-della-ripartenza"},"author":{"name":"DiMarcAdmin","@id":"https:\/\/www.dimarco.it\/#\/schema\/person\/1f5d7270668e519d817b3cae0a1eb5ec"},"headline":"La citt\u00e0 della Pizza, l\u2019evento della ripartenza","datePublished":"2021-06-21T09:06:00+00:00","dateModified":"2025-04-01T14:00:47+00:00","mainEntityOfPage":{"@id":"https:\/\/www.dimarco.it\/notizie\/la-citta-della-pizza-levento-della-ripartenza"},"wordCount":353,"publisher":{"@id":"https:\/\/www.dimarco.it\/#organization"},"image":{"@id":"https:\/\/www.dimarco.it\/notizie\/la-citta-della-pizza-levento-della-ripartenza#primaryimage"},"thumbnailUrl":"https:\/\/www.dimarco.it\/wp-content\/uploads\/2025\/01\/citta-pizza-evento.jpg","articleSection":["Notizie"],"inLanguage":"fr-FR"},{"@type":"WebPage","@id":"https:\/\/www.dimarco.it\/notizie\/la-citta-della-pizza-levento-della-ripartenza","url":"https:\/\/www.dimarco.it\/notizie\/la-citta-della-pizza-levento-della-ripartenza","name":"La Cit\u00e9 de la Pizza, l&#039;\u00e9v\u00e9nement de red\u00e9marrage - Di Marco","isPartOf":{"@id":"https:\/\/www.dimarco.it\/#website"},"primaryImageOfPage":{"@id":"https:\/\/www.dimarco.it\/notizie\/la-citta-della-pizza-levento-della-ripartenza#primaryimage"},"image":{"@id":"https:\/\/www.dimarco.it\/notizie\/la-citta-della-pizza-levento-della-ripartenza#primaryimage"},"thumbnailUrl":"https:\/\/www.dimarco.it\/wp-content\/uploads\/2025\/01\/citta-pizza-evento.jpg","datePublished":"2021-06-21T09:06:00+00:00","dateModified":"2025-04-01T14:00:47+00:00","description":"La Cit\u00e9 de la Pizza s&#039;est tenue \u00e0 Rome en juin : un \u00e9v\u00e9nement d\u00e9di\u00e9 au go\u00fbt qui a vu le red\u00e9marrage des \u00e9v\u00e9nements du secteur","breadcrumb":{"@id":"https:\/\/www.dimarco.it\/notizie\/la-citta-della-pizza-levento-della-ripartenza#breadcrumb"},"inLanguage":"fr-FR","potentialAction":[{"@type":"ReadAction","target":["https:\/\/www.dimarco.it\/notizie\/la-citta-della-pizza-levento-della-ripartenza"]}]},{"@type":"ImageObject","inLanguage":"fr-FR","@id":"https:\/\/www.dimarco.it\/notizie\/la-citta-della-pizza-levento-della-ripartenza#primaryimage","url":"https:\/\/www.dimarco.it\/wp-content\/uploads\/2025\/01\/citta-pizza-evento.jpg","contentUrl":"https:\/\/www.dimarco.it\/wp-content\/uploads\/2025\/01\/citta-pizza-evento.jpg","width":1200,"height":630},{"@type":"BreadcrumbList","@id":"https:\/\/www.dimarco.it\/notizie\/la-citta-della-pizza-levento-della-ripartenza#breadcrumb","itemListElement":[{"@type":"ListItem","position":1,"name":"Home","item":"https:\/\/www.dimarco.it\/"},{"@type":"ListItem","position":2,"name":"La citt\u00e0 della Pizza, l\u2019evento della ripartenza"}]},{"@type":"WebSite","@id":"https:\/\/www.dimarco.it\/#website","url":"https:\/\/www.dimarco.it\/","name":"Di Marco","description":"","publisher":{"@id":"https:\/\/www.dimarco.it\/#organization"},"potentialAction":[{"@type":"SearchAction","target":{"@type":"EntryPoint","urlTemplate":"https:\/\/www.dimarco.it\/?s={search_term_string}"},"query-input":{"@type":"PropertyValueSpecification","valueRequired":true,"valueName":"search_term_string"}}],"inLanguage":"fr-FR"},{"@type":"Organization","@id":"https:\/\/www.dimarco.it\/#organization","name":"Di Marco","url":"https:\/\/www.dimarco.it\/","logo":{"@type":"ImageObject","inLanguage":"fr-FR","@id":"https:\/\/www.dimarco.it\/#\/schema\/logo\/image\/","url":"https:\/\/www.dimarco.it\/wp-content\/uploads\/2024\/11\/DI-MARCO_LOGO_Corporate-2024Positivo.svg","contentUrl":"https:\/\/www.dimarco.it\/wp-content\/uploads\/2024\/11\/DI-MARCO_LOGO_Corporate-2024Positivo.svg","width":338,"height":95,"caption":"Di Marco"},"image":{"@id":"https:\/\/www.dimarco.it\/#\/schema\/logo\/image\/"}},{"@type":"Person","@id":"https:\/\/www.dimarco.it\/#\/schema\/person\/1f5d7270668e519d817b3cae0a1eb5ec","name":"Par MarcAdmin","image":{"@type":"ImageObject","inLanguage":"fr-FR","@id":"https:\/\/secure.gravatar.com\/avatar\/478c03fd22885498819fdc01505a896cee4f1a154787c4dd8a20194c75b2fd3e?s=96&d=mm&r=g","url":"https:\/\/secure.gravatar.com\/avatar\/478c03fd22885498819fdc01505a896cee4f1a154787c4dd8a20194c75b2fd3e?s=96&d=mm&r=g","contentUrl":"https:\/\/secure.gravatar.com\/avatar\/478c03fd22885498819fdc01505a896cee4f1a154787c4dd8a20194c75b2fd3e?s=96&d=mm&r=g","caption":"DiMarcAdmin"},"sameAs":["https:\/\/dev.adfr.it\/dimarco"],"url":"https:\/\/www.dimarco.it\/fr\/author\/dimarcadmin"}]}},"_links":{"self":[{"href":"https:\/\/www.dimarco.it\/fr\/wp-json\/wp\/v2\/posts\/1148","targetHints":{"allow":["GET"]}}],"collection":[{"href":"https:\/\/www.dimarco.it\/fr\/wp-json\/wp\/v2\/posts"}],"about":[{"href":"https:\/\/www.dimarco.it\/fr\/wp-json\/wp\/v2\/types\/post"}],"author":[{"embeddable":true,"href":"https:\/\/www.dimarco.it\/fr\/wp-json\/wp\/v2\/users\/1"}],"replies":[{"embeddable":true,"href":"https:\/\/www.dimarco.it\/fr\/wp-json\/wp\/v2\/comments?post=1148"}],"version-history":[{"count":0,"href":"https:\/\/www.dimarco.it\/fr\/wp-json\/wp\/v2\/posts\/1148\/revisions"}],"wp:featuredmedia":[{"embeddable":true,"href":"https:\/\/www.dimarco.it\/fr\/wp-json\/wp\/v2\/media\/1149"}],"wp:attachment":[{"href":"https:\/\/www.dimarco.it\/fr\/wp-json\/wp\/v2\/media?parent=1148"}],"wp:term":[{"taxonomy":"category","embeddable":true,"href":"https:\/\/www.dimarco.it\/fr\/wp-json\/wp\/v2\/categories?post=1148"},{"taxonomy":"post_tag","embeddable":true,"href":"https:\/\/www.dimarco.it\/fr\/wp-json\/wp\/v2\/tags?post=1148"}],"curies":[{"name":"wp","href":"https:\/\/api.w.org\/{rel}","templated":true}]}}