{"id":1245,"date":"2022-03-16T21:01:00","date_gmt":"2022-03-16T20:01:00","guid":{"rendered":"https:\/\/dev.adfr.it\/dimarco\/?p=1245"},"modified":"2025-04-01T16:00:47","modified_gmt":"2025-04-01T14:00:47","slug":"entretien-de-marco-avec-italia-a-tavola-au-sigep","status":"publish","type":"post","link":"https:\/\/www.dimarco.it\/fr\/notizie\/di-marco-a-sigep-lintervista-con-italia-a-tavola","title":{"rendered":"Di Marco au Sigep : une interview avec Italia a Tavola"},"content":{"rendered":"<p>Du 12 au 16 mars 2022, il s&#039;est tenu \u00e0 Rimini, <strong>Sigep<\/strong>, Le <em>Salon international de la glace artisanale, de la p\u00e2tisserie, de la boulangerie et du caf\u00e9<\/em>, cette ann\u00e9e \u00e0 son <a href=\"https:\/\/www.sigep.it\/sigep\/info\/sigep-2022\">43e \u00e9dition<\/a>.<br>Di Marco a franchi le cap de sa dixi\u00e8me participation \u00e0 l&#039;un des salons leaders de l&#039;innovation du secteur <strong>service de restauration<\/strong>.<\/p>\n\n\n\n<h2 class=\"wp-block-heading\">LES DERNI\u00c8RES NOUVELLES DI MARCO AU SIGEP<\/h2>\n\n\n\n<p>Heureux d&#039;avoir particip\u00e9 \u00e0 cette \u00e9dition \u00e9galement, nous l&#039;avons dit aux micros de <strong>L&#039;Italie \u00e0 table<\/strong> nos derni\u00e8res actualit\u00e9s et notre point de vue sur le secteur de la restauration.<br><strong>Alberto Di Marco<\/strong>, Directeur Commercial Di Marco, a expliqu\u00e9 lors de l&#039;interview les caract\u00e9ristiques int\u00e9ressantes du nouveau <strong>farine multigrains <\/strong>et les particularit\u00e9s des nouveaux produits pour la ligne surgel\u00e9e,<a href=\"https:\/\/www.dimarco.it\/fr\/nouvelles\/di-marco-puccia-sorriso\/\"><strong> Puccia et le sourire<\/strong><\/a>.<br>Vous pouvez trouver l&#039;article complet sur <a href=\"https:\/\/www.italiaatavola.net\/alimenti\/farina-pasta-riso\/di-marco-punta-forte-sulla-pinsa-dalle-farine-ai-surgelati\/84871\/\">revue <\/a>de l&#039;Italie \u00e0 la Table.<\/p>\n\n\n\n<figure class=\"wp-block-embed is-type-video is-provider-youtube wp-block-embed-youtube wp-embed-aspect-16-9 wp-has-aspect-ratio\"><div class=\"wp-block-embed__wrapper\">\n<iframe title=\"Sigep 2022\u00a0: Entretien avec Alberto Di Marco, directeur commercial de Pizzasnella Corrado Di Marco\" width=\"800\" height=\"450\" src=\"https:\/\/www.youtube.com\/embed\/2jAOvSm4DRI?feature=oembed\" frameborder=\"0\" allow=\"accelerometer; autoplay; clipboard-write; encrypted-media; gyroscope; picture-in-picture; web-share\" referrerpolicy=\"strict-origin-when-cross-origin\" allowfullscreen><\/iframe>\n<\/div><\/figure>","protected":false},"excerpt":{"rendered":"<p>Dal 12 al 16 marzo 2022 si \u00e8 tenuto a Rimini, Sigep, il Salone Internazionale della Gelateria, Pasticceria, Panificazione Artigianali e Caff\u00e8, quest&#8217;anno alla sua 43sima edizione.Di Marco ha raggiunto il traguardo della decima partecipazione a quella che \u00e8 una delle fiere di riferimento per le innovazioni nel settore del foodservice. LE ULTIME NOVIT\u00c0 DI [&hellip;]<\/p>\n","protected":false},"author":1,"featured_media":1246,"comment_status":"closed","ping_status":"open","sticky":false,"template":"","format":"standard","meta":{"footnotes":""},"categories":[52],"tags":[],"class_list":["post-1245","post","type-post","status-publish","format-standard","has-post-thumbnail","hentry","category-notizie"],"yoast_head":"<!-- This site is optimized with the Yoast SEO plugin v27.5 - https:\/\/yoast.com\/product\/yoast-seo-wordpress\/ -->\n<title>Di Marco a Sigep: l&#039;intervista con Italia a Tavola - Di Marco<\/title>\n<meta name=\"description\" content=\"Alberto Di Marco racconta ai microfoni di Italia a Tavola le novit\u00e0 Di Marco\" \/>\n<meta name=\"robots\" content=\"index, follow, max-snippet:-1, max-image-preview:large, max-video-preview:-1\" \/>\n<link rel=\"canonical\" href=\"https:\/\/www.dimarco.it\/fr\/nouvelles\/entretien-de-marco-avec-italia-a-tavola-au-sigep\/\" \/>\n<meta property=\"og:locale\" content=\"fr_FR\" \/>\n<meta property=\"og:type\" content=\"article\" \/>\n<meta property=\"og:title\" content=\"Di Marco a Sigep: l&#039;intervista con Italia a Tavola - Di Marco\" \/>\n<meta property=\"og:description\" content=\"Alberto Di Marco racconta ai microfoni di Italia a Tavola le novit\u00e0 Di Marco\" \/>\n<meta property=\"og:url\" content=\"https:\/\/www.dimarco.it\/fr\/nouvelles\/entretien-de-marco-avec-italia-a-tavola-au-sigep\/\" \/>\n<meta property=\"og:site_name\" content=\"Di Marco\" \/>\n<meta property=\"article:published_time\" content=\"2022-03-16T20:01:00+00:00\" \/>\n<meta property=\"article:modified_time\" content=\"2025-04-01T14:00:47+00:00\" \/>\n<meta property=\"og:image\" content=\"https:\/\/www.dimarco.it\/wp-content\/uploads\/2025\/01\/di-marco-intervista-sigep-italia-tavola.jpg\" \/>\n\t<meta property=\"og:image:width\" content=\"1200\" \/>\n\t<meta property=\"og:image:height\" content=\"630\" \/>\n\t<meta property=\"og:image:type\" content=\"image\/jpeg\" \/>\n<meta name=\"author\" content=\"DiMarcAdmin\" \/>\n<meta name=\"twitter:card\" content=\"summary_large_image\" \/>\n<meta name=\"twitter:label1\" content=\"\u00c9crit par\" \/>\n\t<meta name=\"twitter:data1\" content=\"DiMarcAdmin\" \/>\n\t<meta name=\"twitter:label2\" content=\"Dur\u00e9e de lecture estim\u00e9e\" \/>\n\t<meta name=\"twitter:data2\" content=\"1 minute\" \/>\n<script type=\"application\/ld+json\" class=\"yoast-schema-graph\">{\"@context\":\"https:\\\/\\\/schema.org\",\"@graph\":[{\"@type\":\"Article\",\"@id\":\"https:\\\/\\\/www.dimarco.it\\\/notizie\\\/di-marco-a-sigep-lintervista-con-italia-a-tavola#article\",\"isPartOf\":{\"@id\":\"https:\\\/\\\/www.dimarco.it\\\/notizie\\\/di-marco-a-sigep-lintervista-con-italia-a-tavola\"},\"author\":{\"name\":\"DiMarcAdmin\",\"@id\":\"https:\\\/\\\/www.dimarco.it\\\/#\\\/schema\\\/person\\\/1f5d7270668e519d817b3cae0a1eb5ec\"},\"headline\":\"Di Marco a Sigep: l&#8217;intervista con Italia a Tavola\",\"datePublished\":\"2022-03-16T20:01:00+00:00\",\"dateModified\":\"2025-04-01T14:00:47+00:00\",\"mainEntityOfPage\":{\"@id\":\"https:\\\/\\\/www.dimarco.it\\\/notizie\\\/di-marco-a-sigep-lintervista-con-italia-a-tavola\"},\"wordCount\":144,\"publisher\":{\"@id\":\"https:\\\/\\\/www.dimarco.it\\\/#organization\"},\"image\":{\"@id\":\"https:\\\/\\\/www.dimarco.it\\\/notizie\\\/di-marco-a-sigep-lintervista-con-italia-a-tavola#primaryimage\"},\"thumbnailUrl\":\"https:\\\/\\\/www.dimarco.it\\\/wp-content\\\/uploads\\\/2025\\\/01\\\/di-marco-intervista-sigep-italia-tavola.jpg\",\"articleSection\":[\"Notizie\"],\"inLanguage\":\"fr-FR\"},{\"@type\":\"WebPage\",\"@id\":\"https:\\\/\\\/www.dimarco.it\\\/notizie\\\/di-marco-a-sigep-lintervista-con-italia-a-tavola\",\"url\":\"https:\\\/\\\/www.dimarco.it\\\/notizie\\\/di-marco-a-sigep-lintervista-con-italia-a-tavola\",\"name\":\"Di Marco a Sigep: l'intervista con Italia a Tavola - Di Marco\",\"isPartOf\":{\"@id\":\"https:\\\/\\\/www.dimarco.it\\\/#website\"},\"primaryImageOfPage\":{\"@id\":\"https:\\\/\\\/www.dimarco.it\\\/notizie\\\/di-marco-a-sigep-lintervista-con-italia-a-tavola#primaryimage\"},\"image\":{\"@id\":\"https:\\\/\\\/www.dimarco.it\\\/notizie\\\/di-marco-a-sigep-lintervista-con-italia-a-tavola#primaryimage\"},\"thumbnailUrl\":\"https:\\\/\\\/www.dimarco.it\\\/wp-content\\\/uploads\\\/2025\\\/01\\\/di-marco-intervista-sigep-italia-tavola.jpg\",\"datePublished\":\"2022-03-16T20:01:00+00:00\",\"dateModified\":\"2025-04-01T14:00:47+00:00\",\"description\":\"Alberto Di Marco racconta ai microfoni di Italia a Tavola le novit\u00e0 Di Marco\",\"breadcrumb\":{\"@id\":\"https:\\\/\\\/www.dimarco.it\\\/notizie\\\/di-marco-a-sigep-lintervista-con-italia-a-tavola#breadcrumb\"},\"inLanguage\":\"fr-FR\",\"potentialAction\":[{\"@type\":\"ReadAction\",\"target\":[\"https:\\\/\\\/www.dimarco.it\\\/notizie\\\/di-marco-a-sigep-lintervista-con-italia-a-tavola\"]}]},{\"@type\":\"ImageObject\",\"inLanguage\":\"fr-FR\",\"@id\":\"https:\\\/\\\/www.dimarco.it\\\/notizie\\\/di-marco-a-sigep-lintervista-con-italia-a-tavola#primaryimage\",\"url\":\"https:\\\/\\\/www.dimarco.it\\\/wp-content\\\/uploads\\\/2025\\\/01\\\/di-marco-intervista-sigep-italia-tavola.jpg\",\"contentUrl\":\"https:\\\/\\\/www.dimarco.it\\\/wp-content\\\/uploads\\\/2025\\\/01\\\/di-marco-intervista-sigep-italia-tavola.jpg\",\"width\":1200,\"height\":630,\"caption\":\"di-marco-intervista-sigep-italia-tavola\"},{\"@type\":\"BreadcrumbList\",\"@id\":\"https:\\\/\\\/www.dimarco.it\\\/notizie\\\/di-marco-a-sigep-lintervista-con-italia-a-tavola#breadcrumb\",\"itemListElement\":[{\"@type\":\"ListItem\",\"position\":1,\"name\":\"Home\",\"item\":\"https:\\\/\\\/www.dimarco.it\\\/\"},{\"@type\":\"ListItem\",\"position\":2,\"name\":\"Di Marco a Sigep: l&#8217;intervista con Italia a Tavola\"}]},{\"@type\":\"WebSite\",\"@id\":\"https:\\\/\\\/www.dimarco.it\\\/#website\",\"url\":\"https:\\\/\\\/www.dimarco.it\\\/\",\"name\":\"Di Marco\",\"description\":\"\",\"publisher\":{\"@id\":\"https:\\\/\\\/www.dimarco.it\\\/#organization\"},\"potentialAction\":[{\"@type\":\"SearchAction\",\"target\":{\"@type\":\"EntryPoint\",\"urlTemplate\":\"https:\\\/\\\/www.dimarco.it\\\/?s={search_term_string}\"},\"query-input\":{\"@type\":\"PropertyValueSpecification\",\"valueRequired\":true,\"valueName\":\"search_term_string\"}}],\"inLanguage\":\"fr-FR\"},{\"@type\":\"Organization\",\"@id\":\"https:\\\/\\\/www.dimarco.it\\\/#organization\",\"name\":\"Di Marco\",\"url\":\"https:\\\/\\\/www.dimarco.it\\\/\",\"logo\":{\"@type\":\"ImageObject\",\"inLanguage\":\"fr-FR\",\"@id\":\"https:\\\/\\\/www.dimarco.it\\\/#\\\/schema\\\/logo\\\/image\\\/\",\"url\":\"https:\\\/\\\/www.dimarco.it\\\/wp-content\\\/uploads\\\/2024\\\/11\\\/DI-MARCO_LOGO_Corporate-2024Positivo.svg\",\"contentUrl\":\"https:\\\/\\\/www.dimarco.it\\\/wp-content\\\/uploads\\\/2024\\\/11\\\/DI-MARCO_LOGO_Corporate-2024Positivo.svg\",\"width\":338,\"height\":95,\"caption\":\"Di Marco\"},\"image\":{\"@id\":\"https:\\\/\\\/www.dimarco.it\\\/#\\\/schema\\\/logo\\\/image\\\/\"}},{\"@type\":\"Person\",\"@id\":\"https:\\\/\\\/www.dimarco.it\\\/#\\\/schema\\\/person\\\/1f5d7270668e519d817b3cae0a1eb5ec\",\"name\":\"DiMarcAdmin\",\"image\":{\"@type\":\"ImageObject\",\"inLanguage\":\"fr-FR\",\"@id\":\"https:\\\/\\\/secure.gravatar.com\\\/avatar\\\/478c03fd22885498819fdc01505a896cee4f1a154787c4dd8a20194c75b2fd3e?s=96&d=mm&r=g\",\"url\":\"https:\\\/\\\/secure.gravatar.com\\\/avatar\\\/478c03fd22885498819fdc01505a896cee4f1a154787c4dd8a20194c75b2fd3e?s=96&d=mm&r=g\",\"contentUrl\":\"https:\\\/\\\/secure.gravatar.com\\\/avatar\\\/478c03fd22885498819fdc01505a896cee4f1a154787c4dd8a20194c75b2fd3e?s=96&d=mm&r=g\",\"caption\":\"DiMarcAdmin\"},\"sameAs\":[\"https:\\\/\\\/dev.adfr.it\\\/dimarco\"],\"url\":\"https:\\\/\\\/www.dimarco.it\\\/fr\\\/author\\\/dimarcadmin\"}]}<\/script>\n<!-- \/ Yoast SEO plugin. -->","yoast_head_json":{"title":"Di Marco au Sigep\u00a0: interview d&#039;Italia a Tavola - Di Marco","description":"Alberto Di Marco parle \u00e0 Italia a Tavola des nouvelles fonctionnalit\u00e9s de Di Marco.","robots":{"index":"index","follow":"follow","max-snippet":"max-snippet:-1","max-image-preview":"max-image-preview:large","max-video-preview":"max-video-preview:-1"},"canonical":"https:\/\/www.dimarco.it\/fr\/nouvelles\/entretien-de-marco-avec-italia-a-tavola-au-sigep\/","og_locale":"fr_FR","og_type":"article","og_title":"Di Marco a Sigep: l'intervista con Italia a Tavola - Di Marco","og_description":"Alberto Di Marco racconta ai microfoni di Italia a Tavola le novit\u00e0 Di Marco","og_url":"https:\/\/www.dimarco.it\/fr\/nouvelles\/entretien-de-marco-avec-italia-a-tavola-au-sigep\/","og_site_name":"Di Marco","article_published_time":"2022-03-16T20:01:00+00:00","article_modified_time":"2025-04-01T14:00:47+00:00","og_image":[{"width":1200,"height":630,"url":"https:\/\/www.dimarco.it\/wp-content\/uploads\/2025\/01\/di-marco-intervista-sigep-italia-tavola.jpg","type":"image\/jpeg"}],"author":"DiMarcAdmin","twitter_card":"summary_large_image","twitter_misc":{"\u00c9crit par":"DiMarcAdmin","Dur\u00e9e de lecture estim\u00e9e":"1 minute"},"schema":{"@context":"https:\/\/schema.org","@graph":[{"@type":"Article","@id":"https:\/\/www.dimarco.it\/notizie\/di-marco-a-sigep-lintervista-con-italia-a-tavola#article","isPartOf":{"@id":"https:\/\/www.dimarco.it\/notizie\/di-marco-a-sigep-lintervista-con-italia-a-tavola"},"author":{"name":"DiMarcAdmin","@id":"https:\/\/www.dimarco.it\/#\/schema\/person\/1f5d7270668e519d817b3cae0a1eb5ec"},"headline":"Di Marco a Sigep: l&#8217;intervista con Italia a Tavola","datePublished":"2022-03-16T20:01:00+00:00","dateModified":"2025-04-01T14:00:47+00:00","mainEntityOfPage":{"@id":"https:\/\/www.dimarco.it\/notizie\/di-marco-a-sigep-lintervista-con-italia-a-tavola"},"wordCount":144,"publisher":{"@id":"https:\/\/www.dimarco.it\/#organization"},"image":{"@id":"https:\/\/www.dimarco.it\/notizie\/di-marco-a-sigep-lintervista-con-italia-a-tavola#primaryimage"},"thumbnailUrl":"https:\/\/www.dimarco.it\/wp-content\/uploads\/2025\/01\/di-marco-intervista-sigep-italia-tavola.jpg","articleSection":["Notizie"],"inLanguage":"fr-FR"},{"@type":"WebPage","@id":"https:\/\/www.dimarco.it\/notizie\/di-marco-a-sigep-lintervista-con-italia-a-tavola","url":"https:\/\/www.dimarco.it\/notizie\/di-marco-a-sigep-lintervista-con-italia-a-tavola","name":"Di Marco au Sigep\u00a0: interview d&#039;Italia a Tavola - Di Marco","isPartOf":{"@id":"https:\/\/www.dimarco.it\/#website"},"primaryImageOfPage":{"@id":"https:\/\/www.dimarco.it\/notizie\/di-marco-a-sigep-lintervista-con-italia-a-tavola#primaryimage"},"image":{"@id":"https:\/\/www.dimarco.it\/notizie\/di-marco-a-sigep-lintervista-con-italia-a-tavola#primaryimage"},"thumbnailUrl":"https:\/\/www.dimarco.it\/wp-content\/uploads\/2025\/01\/di-marco-intervista-sigep-italia-tavola.jpg","datePublished":"2022-03-16T20:01:00+00:00","dateModified":"2025-04-01T14:00:47+00:00","description":"Alberto Di Marco parle \u00e0 Italia a Tavola des nouvelles fonctionnalit\u00e9s de Di Marco.","breadcrumb":{"@id":"https:\/\/www.dimarco.it\/notizie\/di-marco-a-sigep-lintervista-con-italia-a-tavola#breadcrumb"},"inLanguage":"fr-FR","potentialAction":[{"@type":"ReadAction","target":["https:\/\/www.dimarco.it\/notizie\/di-marco-a-sigep-lintervista-con-italia-a-tavola"]}]},{"@type":"ImageObject","inLanguage":"fr-FR","@id":"https:\/\/www.dimarco.it\/notizie\/di-marco-a-sigep-lintervista-con-italia-a-tavola#primaryimage","url":"https:\/\/www.dimarco.it\/wp-content\/uploads\/2025\/01\/di-marco-intervista-sigep-italia-tavola.jpg","contentUrl":"https:\/\/www.dimarco.it\/wp-content\/uploads\/2025\/01\/di-marco-intervista-sigep-italia-tavola.jpg","width":1200,"height":630,"caption":"di-marco-intervista-sigep-italia-tavola"},{"@type":"BreadcrumbList","@id":"https:\/\/www.dimarco.it\/notizie\/di-marco-a-sigep-lintervista-con-italia-a-tavola#breadcrumb","itemListElement":[{"@type":"ListItem","position":1,"name":"Home","item":"https:\/\/www.dimarco.it\/"},{"@type":"ListItem","position":2,"name":"Di Marco a Sigep: l&#8217;intervista con Italia a Tavola"}]},{"@type":"WebSite","@id":"https:\/\/www.dimarco.it\/#website","url":"https:\/\/www.dimarco.it\/","name":"Di Marco","description":"","publisher":{"@id":"https:\/\/www.dimarco.it\/#organization"},"potentialAction":[{"@type":"SearchAction","target":{"@type":"EntryPoint","urlTemplate":"https:\/\/www.dimarco.it\/?s={search_term_string}"},"query-input":{"@type":"PropertyValueSpecification","valueRequired":true,"valueName":"search_term_string"}}],"inLanguage":"fr-FR"},{"@type":"Organization","@id":"https:\/\/www.dimarco.it\/#organization","name":"Di Marco","url":"https:\/\/www.dimarco.it\/","logo":{"@type":"ImageObject","inLanguage":"fr-FR","@id":"https:\/\/www.dimarco.it\/#\/schema\/logo\/image\/","url":"https:\/\/www.dimarco.it\/wp-content\/uploads\/2024\/11\/DI-MARCO_LOGO_Corporate-2024Positivo.svg","contentUrl":"https:\/\/www.dimarco.it\/wp-content\/uploads\/2024\/11\/DI-MARCO_LOGO_Corporate-2024Positivo.svg","width":338,"height":95,"caption":"Di Marco"},"image":{"@id":"https:\/\/www.dimarco.it\/#\/schema\/logo\/image\/"}},{"@type":"Person","@id":"https:\/\/www.dimarco.it\/#\/schema\/person\/1f5d7270668e519d817b3cae0a1eb5ec","name":"Par MarcAdmin","image":{"@type":"ImageObject","inLanguage":"fr-FR","@id":"https:\/\/secure.gravatar.com\/avatar\/478c03fd22885498819fdc01505a896cee4f1a154787c4dd8a20194c75b2fd3e?s=96&d=mm&r=g","url":"https:\/\/secure.gravatar.com\/avatar\/478c03fd22885498819fdc01505a896cee4f1a154787c4dd8a20194c75b2fd3e?s=96&d=mm&r=g","contentUrl":"https:\/\/secure.gravatar.com\/avatar\/478c03fd22885498819fdc01505a896cee4f1a154787c4dd8a20194c75b2fd3e?s=96&d=mm&r=g","caption":"DiMarcAdmin"},"sameAs":["https:\/\/dev.adfr.it\/dimarco"],"url":"https:\/\/www.dimarco.it\/fr\/author\/dimarcadmin"}]}},"_links":{"self":[{"href":"https:\/\/www.dimarco.it\/fr\/wp-json\/wp\/v2\/posts\/1245","targetHints":{"allow":["GET"]}}],"collection":[{"href":"https:\/\/www.dimarco.it\/fr\/wp-json\/wp\/v2\/posts"}],"about":[{"href":"https:\/\/www.dimarco.it\/fr\/wp-json\/wp\/v2\/types\/post"}],"author":[{"embeddable":true,"href":"https:\/\/www.dimarco.it\/fr\/wp-json\/wp\/v2\/users\/1"}],"replies":[{"embeddable":true,"href":"https:\/\/www.dimarco.it\/fr\/wp-json\/wp\/v2\/comments?post=1245"}],"version-history":[{"count":0,"href":"https:\/\/www.dimarco.it\/fr\/wp-json\/wp\/v2\/posts\/1245\/revisions"}],"wp:featuredmedia":[{"embeddable":true,"href":"https:\/\/www.dimarco.it\/fr\/wp-json\/wp\/v2\/media\/1246"}],"wp:attachment":[{"href":"https:\/\/www.dimarco.it\/fr\/wp-json\/wp\/v2\/media?parent=1245"}],"wp:term":[{"taxonomy":"category","embeddable":true,"href":"https:\/\/www.dimarco.it\/fr\/wp-json\/wp\/v2\/categories?post=1245"},{"taxonomy":"post_tag","embeddable":true,"href":"https:\/\/www.dimarco.it\/fr\/wp-json\/wp\/v2\/tags?post=1245"}],"curies":[{"name":"wp","href":"https:\/\/api.w.org\/{rel}","templated":true}]}}