{"id":1254,"date":"2022-04-07T21:27:00","date_gmt":"2022-04-07T19:27:00","guid":{"rendered":"https:\/\/dev.adfr.it\/dimarco\/?p=1254"},"modified":"2025-04-01T16:00:47","modified_gmt":"2025-04-01T14:00:47","slug":"evenements-a-venir-au-salon-des-marques-2022","status":"publish","type":"post","link":"https:\/\/www.dimarco.it\/fr\/notizie\/prossimi-appuntamenti-in-fiera-marca-2022","title":{"rendered":"Prochains \u00e9v\u00e9nements au salon : Marca 2022"},"content":{"rendered":"<p>L&#039;ann\u00e9e 2022 a commenc\u00e9 sous la banni\u00e8re de <strong>rendez-vous \u00e0 la foire<\/strong>:Ce printemps s&#039;annonce \u00e9galement charg\u00e9 pour l&#039;\u00e9quipe Di Marco qui se pr\u00e9pare au prochain rendez-vous avec le secteur de la grande distribution.<\/p>\n\n\n\n<p>Du 12 au 13 avril, nous serons \u00e0 Bologne pour la 18e \u00e9dition de <strong>Marque<\/strong>, le grand <em>Salon international des produits de marque priv\u00e9e<\/em>, organis\u00e9 par BolognaFiere en collaboration avec l&#039;Association de la Distribution Moderne (ADM).<\/p>\n\n\n\n<h2 class=\"wp-block-heading\">NUVOLA PINSA D\u00c9BUTE \u00c0 MARCA 2022<\/h2>\n\n\n\n<p>Chez Marca, nous nous pr\u00e9sentons avec <strong>Nuage de Pinsa<\/strong>, la marque avec laquelle nous avons atterri dans les rayons des supermarch\u00e9s, pr\u00eate \u00e0 apporter le go\u00fbt de la Pinsa Romana Originale aux tables des Italiens.<\/p>\n\n\n\n<p>Dans le grand espace d&#039;exposition (Hall 30 stand A19 \u2013 B20), les acheteurs et les visiteurs pourront d\u00e9couvrir et d\u00e9guster Nuvola dans toutes ses vari\u00e9t\u00e9s : <strong>Classique<\/strong>, <strong>Multicereali<\/strong> Et <strong>Sans gluten<\/strong>. Le tout nouveau sera \u00e9galement pr\u00e9sent\u00e9 en avant-premi\u00e8re <strong>Nuage ambiant<\/strong>, qui pr\u00e9sente toutes les caract\u00e9ristiques de l\u00e9g\u00e8ret\u00e9 et de qualit\u00e9, notamment une longue lev\u00e9e, une hydratation \u00e9lev\u00e9e et un roulage \u00e0 la main, avec la commodit\u00e9 suppl\u00e9mentaire de pouvoir \u00eatre conserv\u00e9 \u00e0 temp\u00e9rature ambiante.<\/p>\n\n\n\n<h2 class=\"wp-block-heading\">UN RENDEZ-VOUS AVEC LA COMMUNAUT\u00c9 DES AFFAIRES MDD<\/h2>\n\n\n\n<p>Cette ann\u00e9e, Marca by BolognaFiere met en lumi\u00e8re sa 18e \u00e9dition, qui r\u00e9unira 900 exposants r\u00e9partis sur cinq pavillons.<\/p>\n\n\n\n<p>L&#039;alimentation est le protagoniste absolu de ce Salon, car c&#039;est le secteur auquel appartiennent les 75% des exposants : c&#039;est pour cette raison que Marca est un \u00e9v\u00e9nement que nous ne pouvions pas manquer. <\/p>\n\n\n\n<blockquote class=\"wp-block-quote is-layout-flow wp-block-quote-is-layout-flow\">\n<p><em>Nous avons choisi Marca pour pr\u00e9senter \u00e0 la communaut\u00e9 MDD l&#039;int\u00e9gralit\u00e9 de la gamme Nuvola, les bases pr\u00eates \u00e0 l&#039;emploi de la Pinsa Romana originale, qui rencontrent un vif succ\u00e8s aupr\u00e8s des consommateurs. Plus pr\u00e9cis\u00e9ment, nous pr\u00e9senterons en avant-premi\u00e8re la toute nouvelle Nuvola Ambient, la premi\u00e8re base de la Pinsa Romana originale \u00e0 pouvoir \u00eatre conserv\u00e9e hors du r\u00e9frig\u00e9rateur. D\u00e9licieuse et tr\u00e8s digeste, comme nos autres Nuvola Pinsa, elle est \u00e9galement disponible en version non r\u00e9frig\u00e9r\u00e9e.<\/em>, a comment\u00e9 Alberto Di Marco, directeur ex\u00e9cutif des ventes Di Marco.<\/p>\n<\/blockquote>\n\n\n\n<p>Le monde de la grande distribution confirme le succ\u00e8s de notre Nuvola, m\u00eame \u00e0 l&#039;international ! Le mois de mars s&#039;est par exemple achev\u00e9 sur une \u00e9tape importante : en France, <strong>Salon du Sandwich et du Snacking \u2013 Parizza<\/strong> les 30 et 31 mars, Nuvola a re\u00e7u le prix <strong>\u00ab Snacking D&#039;or \u00bb<\/strong> comme l&#039;un des produits de l&#039;ann\u00e9e.<\/p>\n\n\n\n<p>2022 n&#039;est que le d\u00e9but\u00a0: qui sait combien d&#039;autres \u00e9tapes importantes nous attendent\u00a0! En attendant, rendez-vous \u00e0 Marca 2022\u00a0: venez nous rendre visite\u00a0!<\/p>","protected":false},"excerpt":{"rendered":"<p>Il 2022 \u00e8 iniziato all\u2019insegna degli appuntamenti in fiera: anche questa Primavera si preannuncia itinerante per il team di Di Marco, che si prepara al prossimo appuntamento con il settore della Grande Distribuzione. Dal 12 al 13 aprile saremo a Bologna per la 18sima edizione di Marca, il grande Salone internazionale sui prodotti a Marca [&hellip;]<\/p>\n","protected":false},"author":1,"featured_media":1255,"comment_status":"closed","ping_status":"open","sticky":false,"template":"","format":"standard","meta":{"footnotes":""},"categories":[52],"tags":[],"class_list":["post-1254","post","type-post","status-publish","format-standard","has-post-thumbnail","hentry","category-notizie"],"yoast_head":"<!-- This site is optimized with the Yoast SEO plugin v27.5 - https:\/\/yoast.com\/product\/yoast-seo-wordpress\/ -->\n<title>Prossimi appuntamenti in fiera: Marca 2022 - Di Marco<\/title>\n<meta name=\"description\" content=\"12 e 13 aprile Di Marco sar\u00e0 a Bologna per Marca 2022, il grande Salone internazionale sui prodotti a Marca del Distributore.\" \/>\n<meta name=\"robots\" content=\"index, follow, max-snippet:-1, max-image-preview:large, max-video-preview:-1\" \/>\n<link rel=\"canonical\" href=\"https:\/\/www.dimarco.it\/fr\/nouvelles\/evenements-a-venir-au-salon-des-marques-2022\/\" \/>\n<meta property=\"og:locale\" content=\"fr_FR\" \/>\n<meta property=\"og:type\" content=\"article\" \/>\n<meta property=\"og:title\" content=\"Prossimi appuntamenti in fiera: Marca 2022 - Di Marco\" \/>\n<meta property=\"og:description\" content=\"12 e 13 aprile Di Marco sar\u00e0 a Bologna per Marca 2022, il grande Salone internazionale sui prodotti a Marca del Distributore.\" \/>\n<meta property=\"og:url\" content=\"https:\/\/www.dimarco.it\/fr\/nouvelles\/evenements-a-venir-au-salon-des-marques-2022\/\" \/>\n<meta property=\"og:site_name\" content=\"Di Marco\" \/>\n<meta property=\"article:published_time\" content=\"2022-04-07T19:27:00+00:00\" \/>\n<meta property=\"article:modified_time\" content=\"2025-04-01T14:00:47+00:00\" \/>\n<meta property=\"og:image\" content=\"https:\/\/www.dimarco.it\/wp-content\/uploads\/2025\/01\/di-marco-fiera-marca-2022-bologna.jpg\" \/>\n\t<meta property=\"og:image:width\" content=\"1200\" \/>\n\t<meta property=\"og:image:height\" content=\"630\" \/>\n\t<meta property=\"og:image:type\" content=\"image\/jpeg\" \/>\n<meta name=\"author\" content=\"DiMarcAdmin\" \/>\n<meta name=\"twitter:card\" content=\"summary_large_image\" \/>\n<meta name=\"twitter:label1\" content=\"\u00c9crit par\" \/>\n\t<meta name=\"twitter:data1\" content=\"DiMarcAdmin\" \/>\n\t<meta name=\"twitter:label2\" content=\"Dur\u00e9e de lecture estim\u00e9e\" \/>\n\t<meta name=\"twitter:data2\" content=\"2 minutes\" \/>\n<script type=\"application\/ld+json\" class=\"yoast-schema-graph\">{\"@context\":\"https:\\\/\\\/schema.org\",\"@graph\":[{\"@type\":\"Article\",\"@id\":\"https:\\\/\\\/www.dimarco.it\\\/notizie\\\/prossimi-appuntamenti-in-fiera-marca-2022#article\",\"isPartOf\":{\"@id\":\"https:\\\/\\\/www.dimarco.it\\\/notizie\\\/prossimi-appuntamenti-in-fiera-marca-2022\"},\"author\":{\"name\":\"DiMarcAdmin\",\"@id\":\"https:\\\/\\\/www.dimarco.it\\\/#\\\/schema\\\/person\\\/1f5d7270668e519d817b3cae0a1eb5ec\"},\"headline\":\"Prossimi appuntamenti in fiera: Marca 2022\",\"datePublished\":\"2022-04-07T19:27:00+00:00\",\"dateModified\":\"2025-04-01T14:00:47+00:00\",\"mainEntityOfPage\":{\"@id\":\"https:\\\/\\\/www.dimarco.it\\\/notizie\\\/prossimi-appuntamenti-in-fiera-marca-2022\"},\"wordCount\":375,\"publisher\":{\"@id\":\"https:\\\/\\\/www.dimarco.it\\\/#organization\"},\"image\":{\"@id\":\"https:\\\/\\\/www.dimarco.it\\\/notizie\\\/prossimi-appuntamenti-in-fiera-marca-2022#primaryimage\"},\"thumbnailUrl\":\"https:\\\/\\\/www.dimarco.it\\\/wp-content\\\/uploads\\\/2025\\\/01\\\/di-marco-fiera-marca-2022-bologna.jpg\",\"articleSection\":[\"Notizie\"],\"inLanguage\":\"fr-FR\"},{\"@type\":\"WebPage\",\"@id\":\"https:\\\/\\\/www.dimarco.it\\\/notizie\\\/prossimi-appuntamenti-in-fiera-marca-2022\",\"url\":\"https:\\\/\\\/www.dimarco.it\\\/notizie\\\/prossimi-appuntamenti-in-fiera-marca-2022\",\"name\":\"Prossimi appuntamenti in fiera: Marca 2022 - Di Marco\",\"isPartOf\":{\"@id\":\"https:\\\/\\\/www.dimarco.it\\\/#website\"},\"primaryImageOfPage\":{\"@id\":\"https:\\\/\\\/www.dimarco.it\\\/notizie\\\/prossimi-appuntamenti-in-fiera-marca-2022#primaryimage\"},\"image\":{\"@id\":\"https:\\\/\\\/www.dimarco.it\\\/notizie\\\/prossimi-appuntamenti-in-fiera-marca-2022#primaryimage\"},\"thumbnailUrl\":\"https:\\\/\\\/www.dimarco.it\\\/wp-content\\\/uploads\\\/2025\\\/01\\\/di-marco-fiera-marca-2022-bologna.jpg\",\"datePublished\":\"2022-04-07T19:27:00+00:00\",\"dateModified\":\"2025-04-01T14:00:47+00:00\",\"description\":\"12 e 13 aprile Di Marco sar\u00e0 a Bologna per Marca 2022, il grande Salone internazionale sui prodotti a Marca del Distributore.\",\"breadcrumb\":{\"@id\":\"https:\\\/\\\/www.dimarco.it\\\/notizie\\\/prossimi-appuntamenti-in-fiera-marca-2022#breadcrumb\"},\"inLanguage\":\"fr-FR\",\"potentialAction\":[{\"@type\":\"ReadAction\",\"target\":[\"https:\\\/\\\/www.dimarco.it\\\/notizie\\\/prossimi-appuntamenti-in-fiera-marca-2022\"]}]},{\"@type\":\"ImageObject\",\"inLanguage\":\"fr-FR\",\"@id\":\"https:\\\/\\\/www.dimarco.it\\\/notizie\\\/prossimi-appuntamenti-in-fiera-marca-2022#primaryimage\",\"url\":\"https:\\\/\\\/www.dimarco.it\\\/wp-content\\\/uploads\\\/2025\\\/01\\\/di-marco-fiera-marca-2022-bologna.jpg\",\"contentUrl\":\"https:\\\/\\\/www.dimarco.it\\\/wp-content\\\/uploads\\\/2025\\\/01\\\/di-marco-fiera-marca-2022-bologna.jpg\",\"width\":1200,\"height\":630,\"caption\":\"di-marco-fiera-marca-2022-bologna\"},{\"@type\":\"BreadcrumbList\",\"@id\":\"https:\\\/\\\/www.dimarco.it\\\/notizie\\\/prossimi-appuntamenti-in-fiera-marca-2022#breadcrumb\",\"itemListElement\":[{\"@type\":\"ListItem\",\"position\":1,\"name\":\"Home\",\"item\":\"https:\\\/\\\/www.dimarco.it\\\/\"},{\"@type\":\"ListItem\",\"position\":2,\"name\":\"Prossimi appuntamenti in fiera: Marca 2022\"}]},{\"@type\":\"WebSite\",\"@id\":\"https:\\\/\\\/www.dimarco.it\\\/#website\",\"url\":\"https:\\\/\\\/www.dimarco.it\\\/\",\"name\":\"Di Marco\",\"description\":\"\",\"publisher\":{\"@id\":\"https:\\\/\\\/www.dimarco.it\\\/#organization\"},\"potentialAction\":[{\"@type\":\"SearchAction\",\"target\":{\"@type\":\"EntryPoint\",\"urlTemplate\":\"https:\\\/\\\/www.dimarco.it\\\/?s={search_term_string}\"},\"query-input\":{\"@type\":\"PropertyValueSpecification\",\"valueRequired\":true,\"valueName\":\"search_term_string\"}}],\"inLanguage\":\"fr-FR\"},{\"@type\":\"Organization\",\"@id\":\"https:\\\/\\\/www.dimarco.it\\\/#organization\",\"name\":\"Di Marco\",\"url\":\"https:\\\/\\\/www.dimarco.it\\\/\",\"logo\":{\"@type\":\"ImageObject\",\"inLanguage\":\"fr-FR\",\"@id\":\"https:\\\/\\\/www.dimarco.it\\\/#\\\/schema\\\/logo\\\/image\\\/\",\"url\":\"https:\\\/\\\/www.dimarco.it\\\/wp-content\\\/uploads\\\/2024\\\/11\\\/DI-MARCO_LOGO_Corporate-2024Positivo.svg\",\"contentUrl\":\"https:\\\/\\\/www.dimarco.it\\\/wp-content\\\/uploads\\\/2024\\\/11\\\/DI-MARCO_LOGO_Corporate-2024Positivo.svg\",\"width\":338,\"height\":95,\"caption\":\"Di Marco\"},\"image\":{\"@id\":\"https:\\\/\\\/www.dimarco.it\\\/#\\\/schema\\\/logo\\\/image\\\/\"}},{\"@type\":\"Person\",\"@id\":\"https:\\\/\\\/www.dimarco.it\\\/#\\\/schema\\\/person\\\/1f5d7270668e519d817b3cae0a1eb5ec\",\"name\":\"DiMarcAdmin\",\"image\":{\"@type\":\"ImageObject\",\"inLanguage\":\"fr-FR\",\"@id\":\"https:\\\/\\\/secure.gravatar.com\\\/avatar\\\/478c03fd22885498819fdc01505a896cee4f1a154787c4dd8a20194c75b2fd3e?s=96&d=mm&r=g\",\"url\":\"https:\\\/\\\/secure.gravatar.com\\\/avatar\\\/478c03fd22885498819fdc01505a896cee4f1a154787c4dd8a20194c75b2fd3e?s=96&d=mm&r=g\",\"contentUrl\":\"https:\\\/\\\/secure.gravatar.com\\\/avatar\\\/478c03fd22885498819fdc01505a896cee4f1a154787c4dd8a20194c75b2fd3e?s=96&d=mm&r=g\",\"caption\":\"DiMarcAdmin\"},\"sameAs\":[\"https:\\\/\\\/dev.adfr.it\\\/dimarco\"],\"url\":\"https:\\\/\\\/www.dimarco.it\\\/fr\\\/author\\\/dimarcadmin\"}]}<\/script>\n<!-- \/ Yoast SEO plugin. -->","yoast_head_json":{"title":"Prochains \u00e9v\u00e9nements du salon : Marca 2022 - Di Marco","description":"Les 12 et 13 avril, Di Marco sera \u00e0 Bologne pour Marca 2022, le grand salon international des produits de marque priv\u00e9e.","robots":{"index":"index","follow":"follow","max-snippet":"max-snippet:-1","max-image-preview":"max-image-preview:large","max-video-preview":"max-video-preview:-1"},"canonical":"https:\/\/www.dimarco.it\/fr\/nouvelles\/evenements-a-venir-au-salon-des-marques-2022\/","og_locale":"fr_FR","og_type":"article","og_title":"Prossimi appuntamenti in fiera: Marca 2022 - Di Marco","og_description":"12 e 13 aprile Di Marco sar\u00e0 a Bologna per Marca 2022, il grande Salone internazionale sui prodotti a Marca del Distributore.","og_url":"https:\/\/www.dimarco.it\/fr\/nouvelles\/evenements-a-venir-au-salon-des-marques-2022\/","og_site_name":"Di Marco","article_published_time":"2022-04-07T19:27:00+00:00","article_modified_time":"2025-04-01T14:00:47+00:00","og_image":[{"width":1200,"height":630,"url":"https:\/\/www.dimarco.it\/wp-content\/uploads\/2025\/01\/di-marco-fiera-marca-2022-bologna.jpg","type":"image\/jpeg"}],"author":"DiMarcAdmin","twitter_card":"summary_large_image","twitter_misc":{"\u00c9crit par":"DiMarcAdmin","Dur\u00e9e de lecture estim\u00e9e":"2 minutes"},"schema":{"@context":"https:\/\/schema.org","@graph":[{"@type":"Article","@id":"https:\/\/www.dimarco.it\/notizie\/prossimi-appuntamenti-in-fiera-marca-2022#article","isPartOf":{"@id":"https:\/\/www.dimarco.it\/notizie\/prossimi-appuntamenti-in-fiera-marca-2022"},"author":{"name":"DiMarcAdmin","@id":"https:\/\/www.dimarco.it\/#\/schema\/person\/1f5d7270668e519d817b3cae0a1eb5ec"},"headline":"Prossimi appuntamenti in fiera: Marca 2022","datePublished":"2022-04-07T19:27:00+00:00","dateModified":"2025-04-01T14:00:47+00:00","mainEntityOfPage":{"@id":"https:\/\/www.dimarco.it\/notizie\/prossimi-appuntamenti-in-fiera-marca-2022"},"wordCount":375,"publisher":{"@id":"https:\/\/www.dimarco.it\/#organization"},"image":{"@id":"https:\/\/www.dimarco.it\/notizie\/prossimi-appuntamenti-in-fiera-marca-2022#primaryimage"},"thumbnailUrl":"https:\/\/www.dimarco.it\/wp-content\/uploads\/2025\/01\/di-marco-fiera-marca-2022-bologna.jpg","articleSection":["Notizie"],"inLanguage":"fr-FR"},{"@type":"WebPage","@id":"https:\/\/www.dimarco.it\/notizie\/prossimi-appuntamenti-in-fiera-marca-2022","url":"https:\/\/www.dimarco.it\/notizie\/prossimi-appuntamenti-in-fiera-marca-2022","name":"Prochains \u00e9v\u00e9nements du salon : Marca 2022 - Di Marco","isPartOf":{"@id":"https:\/\/www.dimarco.it\/#website"},"primaryImageOfPage":{"@id":"https:\/\/www.dimarco.it\/notizie\/prossimi-appuntamenti-in-fiera-marca-2022#primaryimage"},"image":{"@id":"https:\/\/www.dimarco.it\/notizie\/prossimi-appuntamenti-in-fiera-marca-2022#primaryimage"},"thumbnailUrl":"https:\/\/www.dimarco.it\/wp-content\/uploads\/2025\/01\/di-marco-fiera-marca-2022-bologna.jpg","datePublished":"2022-04-07T19:27:00+00:00","dateModified":"2025-04-01T14:00:47+00:00","description":"Les 12 et 13 avril, Di Marco sera \u00e0 Bologne pour Marca 2022, le grand salon international des produits de marque priv\u00e9e.","breadcrumb":{"@id":"https:\/\/www.dimarco.it\/notizie\/prossimi-appuntamenti-in-fiera-marca-2022#breadcrumb"},"inLanguage":"fr-FR","potentialAction":[{"@type":"ReadAction","target":["https:\/\/www.dimarco.it\/notizie\/prossimi-appuntamenti-in-fiera-marca-2022"]}]},{"@type":"ImageObject","inLanguage":"fr-FR","@id":"https:\/\/www.dimarco.it\/notizie\/prossimi-appuntamenti-in-fiera-marca-2022#primaryimage","url":"https:\/\/www.dimarco.it\/wp-content\/uploads\/2025\/01\/di-marco-fiera-marca-2022-bologna.jpg","contentUrl":"https:\/\/www.dimarco.it\/wp-content\/uploads\/2025\/01\/di-marco-fiera-marca-2022-bologna.jpg","width":1200,"height":630,"caption":"di-marco-fiera-marca-2022-bologna"},{"@type":"BreadcrumbList","@id":"https:\/\/www.dimarco.it\/notizie\/prossimi-appuntamenti-in-fiera-marca-2022#breadcrumb","itemListElement":[{"@type":"ListItem","position":1,"name":"Home","item":"https:\/\/www.dimarco.it\/"},{"@type":"ListItem","position":2,"name":"Prossimi appuntamenti in fiera: Marca 2022"}]},{"@type":"WebSite","@id":"https:\/\/www.dimarco.it\/#website","url":"https:\/\/www.dimarco.it\/","name":"Di Marco","description":"","publisher":{"@id":"https:\/\/www.dimarco.it\/#organization"},"potentialAction":[{"@type":"SearchAction","target":{"@type":"EntryPoint","urlTemplate":"https:\/\/www.dimarco.it\/?s={search_term_string}"},"query-input":{"@type":"PropertyValueSpecification","valueRequired":true,"valueName":"search_term_string"}}],"inLanguage":"fr-FR"},{"@type":"Organization","@id":"https:\/\/www.dimarco.it\/#organization","name":"Di Marco","url":"https:\/\/www.dimarco.it\/","logo":{"@type":"ImageObject","inLanguage":"fr-FR","@id":"https:\/\/www.dimarco.it\/#\/schema\/logo\/image\/","url":"https:\/\/www.dimarco.it\/wp-content\/uploads\/2024\/11\/DI-MARCO_LOGO_Corporate-2024Positivo.svg","contentUrl":"https:\/\/www.dimarco.it\/wp-content\/uploads\/2024\/11\/DI-MARCO_LOGO_Corporate-2024Positivo.svg","width":338,"height":95,"caption":"Di Marco"},"image":{"@id":"https:\/\/www.dimarco.it\/#\/schema\/logo\/image\/"}},{"@type":"Person","@id":"https:\/\/www.dimarco.it\/#\/schema\/person\/1f5d7270668e519d817b3cae0a1eb5ec","name":"Par MarcAdmin","image":{"@type":"ImageObject","inLanguage":"fr-FR","@id":"https:\/\/secure.gravatar.com\/avatar\/478c03fd22885498819fdc01505a896cee4f1a154787c4dd8a20194c75b2fd3e?s=96&d=mm&r=g","url":"https:\/\/secure.gravatar.com\/avatar\/478c03fd22885498819fdc01505a896cee4f1a154787c4dd8a20194c75b2fd3e?s=96&d=mm&r=g","contentUrl":"https:\/\/secure.gravatar.com\/avatar\/478c03fd22885498819fdc01505a896cee4f1a154787c4dd8a20194c75b2fd3e?s=96&d=mm&r=g","caption":"DiMarcAdmin"},"sameAs":["https:\/\/dev.adfr.it\/dimarco"],"url":"https:\/\/www.dimarco.it\/fr\/author\/dimarcadmin"}]}},"_links":{"self":[{"href":"https:\/\/www.dimarco.it\/fr\/wp-json\/wp\/v2\/posts\/1254","targetHints":{"allow":["GET"]}}],"collection":[{"href":"https:\/\/www.dimarco.it\/fr\/wp-json\/wp\/v2\/posts"}],"about":[{"href":"https:\/\/www.dimarco.it\/fr\/wp-json\/wp\/v2\/types\/post"}],"author":[{"embeddable":true,"href":"https:\/\/www.dimarco.it\/fr\/wp-json\/wp\/v2\/users\/1"}],"replies":[{"embeddable":true,"href":"https:\/\/www.dimarco.it\/fr\/wp-json\/wp\/v2\/comments?post=1254"}],"version-history":[{"count":0,"href":"https:\/\/www.dimarco.it\/fr\/wp-json\/wp\/v2\/posts\/1254\/revisions"}],"wp:featuredmedia":[{"embeddable":true,"href":"https:\/\/www.dimarco.it\/fr\/wp-json\/wp\/v2\/media\/1255"}],"wp:attachment":[{"href":"https:\/\/www.dimarco.it\/fr\/wp-json\/wp\/v2\/media?parent=1254"}],"wp:term":[{"taxonomy":"category","embeddable":true,"href":"https:\/\/www.dimarco.it\/fr\/wp-json\/wp\/v2\/categories?post=1254"},{"taxonomy":"post_tag","embeddable":true,"href":"https:\/\/www.dimarco.it\/fr\/wp-json\/wp\/v2\/tags?post=1254"}],"curies":[{"name":"wp","href":"https:\/\/api.w.org\/{rel}","templated":true}]}}