{"id":1263,"date":"2022-05-02T21:34:00","date_gmt":"2022-05-02T19:34:00","guid":{"rendered":"https:\/\/dev.adfr.it\/dimarco\/?p=1263"},"modified":"2025-04-01T16:00:47","modified_gmt":"2025-04-01T14:00:47","slug":"par-marco-chez-cibus-parma-bienvenue-a-foodland","status":"publish","type":"post","link":"https:\/\/www.dimarco.it\/fr\/notizie\/di-marco-a-cibus-parma-welcome-to-foodland","title":{"rendered":"Di Marco chez Cibus Parma : bienvenue au pays de la gastronomie !"},"content":{"rendered":"<p>Nous ouvrons le mois de mai en participant \u00e0 la 21\u00e8me \u00e9dition de <strong>Cibus 2022 \u00e0 Parme<\/strong>: nous serons pr\u00e9sents avec un grand espace d&#039;exposition (Hall 3, Stand C 014) qui accueillera le meilleur de notre<strong> farines professionnelles<\/strong> pour la pizza et la Pinsa et tous nos <strong>Ligne de nuages <\/strong>d\u00e9di\u00e9 \u00e0 la grande distribution, avec les bases originales Pinsa Romana dans les versions Classique, Multic\u00e9r\u00e9ales et Ambiante.<\/p>\n\n\n\n<p>Pendant la foire, l&#039;expert pinsaioli Di Marco produira des Pinse Romane en diff\u00e9rentes versions, sucr\u00e9es et sal\u00e9es, avec des condiments traditionnels et v\u00e9g\u00e9tariens, pour faire go\u00fbter au public de Cibus la bont\u00e9 de nos produits.<\/p>\n\n\n\n<h2 class=\"wp-block-heading\">CHEZ CIBUS AVEC DES FARINES PROFESSIONNELLES DI MARCO<\/h2>\n\n\n\n<p>Chez Cibus, toute notre gamme de farines d\u00e9di\u00e9es aux secteurs de la boulangerie et de la restauration sera expos\u00e9e : de celles d\u00e9di\u00e9es \u00e0 la pr\u00e9paration de la Pinsa Romana \u00e0 celles pour diff\u00e9rents types de pizzas telles que <strong>Pelle<\/strong>, le <strong>plaque de cuisson<\/strong>, le <strong>Rond<\/strong>, jusqu&#039;\u00e0 la farine la plus r\u00e9cente <strong>Multigrains<\/strong>i, pour des p\u00e2tes au go\u00fbt rustique et complet. <\/p>\n\n\n\n<p>Les farines Di Marco sont n\u00e9es d&#039;une recherche minutieuse pour s\u00e9lectionner les meilleurs ingr\u00e9dients et sont con\u00e7ues pour garantir <strong>l\u00e9g\u00e8ret\u00e9 et haute digestibilit\u00e9<\/strong> de la p\u00e2te. <\/p>\n\n\n\n<h2 class=\"wp-block-heading\">GRAND ESPACE POUR LA LIGNE CLOUD<\/h2>\n\n\n\n<p>Une grande importance est \u00e9galement accord\u00e9e \u00e0 <strong>Nuage<\/strong>, la gamme de bases originales Pinsa Romana pr\u00eates en 5 minutes au four : <strong>Nuage classique<\/strong> Et <strong>Nuage multigrains<\/strong> flanqu\u00e9 du dernier arriv\u00e9 \u00e0 domicile Di Marco, <strong>Nuage ambiant<\/strong>. Cette derni\u00e8re se distingue des versions pr\u00e9c\u00e9dentes car elle est la premi\u00e8re \u00e0 pouvoir \u00eatre facilement conserv\u00e9e hors du r\u00e9frig\u00e9rateur, en conservant les caract\u00e9ristiques de l\u00e9g\u00e8ret\u00e9 et d&#039;authenticit\u00e9 donn\u00e9es par le m\u00e9lange sp\u00e9cial de farines de soja, de riz et de bl\u00e9 et une longue lev\u00e9e de 72 heures.<\/p>\n\n\n\n<p>La Pinsa Romana, invent\u00e9e par Corrado Di Marco en 2001 et caract\u00e9ris\u00e9e par sa forme allong\u00e9e et l\u00e9g\u00e8rement aplatie caract\u00e9ristique, est aujourd&#039;hui r\u00e9pandue et appr\u00e9ci\u00e9e dans le monde entier pour son go\u00fbt, sa haute digestibilit\u00e9 et sa consistance croquante \u00e0 l&#039;ext\u00e9rieur et moelleuse \u00e0 l&#039;int\u00e9rieur.<\/p>\n\n\n\n<blockquote class=\"wp-block-quote is-layout-flow wp-block-quote-is-layout-flow\">\n<p>\u00ab\u00a0Participer \u00e0 Cibus avec nos farines et nos sites Pinsa Romana au c\u0153ur de la Food Valley est une occasion importante de renforcer nos relations avec les acheteurs et de mieux faire conna\u00eetre nos produits aupr\u00e8s des professionnels et de la grande distribution. Notre objectif est de communiquer sur la qualit\u00e9 de nos produits, en mettant en avant leur go\u00fbt, leur polyvalence et leur l\u00e9g\u00e8ret\u00e9\u00a0\u00bb, a comment\u00e9 M.\u00a0B. <strong>Alberto Di Marco<\/strong>, Directeur ex\u00e9cutif des ventes Di Marco<\/p>\n<\/blockquote>","protected":false},"excerpt":{"rendered":"<p>Apriamo il mese di maggio con la partecipazione alla 21esima edizione di Cibus 2022 a Parma: saremo presenti con una vasta area espositiva (Pad. 3, Stand C 014) che ospiter\u00e0 tutto il meglio delle nostre farine professionali per pizza e Pinsa e tutta la nostra linea Nuvola dedicata alla grande distribuzione, con le basi di [&hellip;]<\/p>\n","protected":false},"author":1,"featured_media":1264,"comment_status":"closed","ping_status":"open","sticky":false,"template":"","format":"standard","meta":{"footnotes":""},"categories":[52],"tags":[],"class_list":["post-1263","post","type-post","status-publish","format-standard","has-post-thumbnail","hentry","category-notizie"],"yoast_head":"<!-- This site is optimized with the Yoast SEO plugin v27.5 - https:\/\/yoast.com\/product\/yoast-seo-wordpress\/ -->\n<title>Di Marco a Cibus Parma: welcome to foodland! - Di Marco<\/title>\n<meta name=\"description\" content=\"Dal 3 al 6 maggio saremo presenti al Salone di Parma con un vasto spazio espositivo nel quale sar\u00e0 possibile conoscere l\u2019ampia gamma di farine professionali e gustare Nuvola.\" \/>\n<meta name=\"robots\" content=\"index, follow, max-snippet:-1, max-image-preview:large, max-video-preview:-1\" \/>\n<link rel=\"canonical\" href=\"https:\/\/www.dimarco.it\/fr\/nouvelles\/par-marco-chez-cibus-parma-bienvenue-a-foodland\/\" \/>\n<meta property=\"og:locale\" content=\"fr_FR\" \/>\n<meta property=\"og:type\" content=\"article\" \/>\n<meta property=\"og:title\" content=\"Di Marco a Cibus Parma: welcome to foodland! - Di Marco\" \/>\n<meta property=\"og:description\" content=\"Dal 3 al 6 maggio saremo presenti al Salone di Parma con un vasto spazio espositivo nel quale sar\u00e0 possibile conoscere l\u2019ampia gamma di farine professionali e gustare Nuvola.\" \/>\n<meta property=\"og:url\" content=\"https:\/\/www.dimarco.it\/fr\/nouvelles\/par-marco-chez-cibus-parma-bienvenue-a-foodland\/\" \/>\n<meta property=\"og:site_name\" content=\"Di Marco\" \/>\n<meta property=\"article:published_time\" content=\"2022-05-02T19:34:00+00:00\" \/>\n<meta property=\"article:modified_time\" content=\"2025-04-01T14:00:47+00:00\" \/>\n<meta property=\"og:image\" content=\"https:\/\/www.dimarco.it\/wp-content\/uploads\/2025\/01\/di_marco_cibus_2022.jpg\" \/>\n\t<meta property=\"og:image:width\" content=\"1200\" \/>\n\t<meta property=\"og:image:height\" content=\"630\" \/>\n\t<meta property=\"og:image:type\" content=\"image\/jpeg\" \/>\n<meta name=\"author\" content=\"DiMarcAdmin\" \/>\n<meta name=\"twitter:card\" content=\"summary_large_image\" \/>\n<meta name=\"twitter:label1\" content=\"\u00c9crit par\" \/>\n\t<meta name=\"twitter:data1\" content=\"DiMarcAdmin\" \/>\n\t<meta name=\"twitter:label2\" content=\"Dur\u00e9e de lecture estim\u00e9e\" \/>\n\t<meta name=\"twitter:data2\" content=\"2 minutes\" \/>\n<script type=\"application\/ld+json\" class=\"yoast-schema-graph\">{\"@context\":\"https:\\\/\\\/schema.org\",\"@graph\":[{\"@type\":\"Article\",\"@id\":\"https:\\\/\\\/www.dimarco.it\\\/notizie\\\/di-marco-a-cibus-parma-welcome-to-foodland#article\",\"isPartOf\":{\"@id\":\"https:\\\/\\\/www.dimarco.it\\\/notizie\\\/di-marco-a-cibus-parma-welcome-to-foodland\"},\"author\":{\"name\":\"DiMarcAdmin\",\"@id\":\"https:\\\/\\\/www.dimarco.it\\\/#\\\/schema\\\/person\\\/1f5d7270668e519d817b3cae0a1eb5ec\"},\"headline\":\"Di Marco a Cibus Parma: welcome to foodland!\",\"datePublished\":\"2022-05-02T19:34:00+00:00\",\"dateModified\":\"2025-04-01T14:00:47+00:00\",\"mainEntityOfPage\":{\"@id\":\"https:\\\/\\\/www.dimarco.it\\\/notizie\\\/di-marco-a-cibus-parma-welcome-to-foodland\"},\"wordCount\":389,\"publisher\":{\"@id\":\"https:\\\/\\\/www.dimarco.it\\\/#organization\"},\"image\":{\"@id\":\"https:\\\/\\\/www.dimarco.it\\\/notizie\\\/di-marco-a-cibus-parma-welcome-to-foodland#primaryimage\"},\"thumbnailUrl\":\"https:\\\/\\\/www.dimarco.it\\\/wp-content\\\/uploads\\\/2025\\\/01\\\/di_marco_cibus_2022.jpg\",\"articleSection\":[\"Notizie\"],\"inLanguage\":\"fr-FR\"},{\"@type\":\"WebPage\",\"@id\":\"https:\\\/\\\/www.dimarco.it\\\/notizie\\\/di-marco-a-cibus-parma-welcome-to-foodland\",\"url\":\"https:\\\/\\\/www.dimarco.it\\\/notizie\\\/di-marco-a-cibus-parma-welcome-to-foodland\",\"name\":\"Di Marco a Cibus Parma: welcome to foodland! - Di Marco\",\"isPartOf\":{\"@id\":\"https:\\\/\\\/www.dimarco.it\\\/#website\"},\"primaryImageOfPage\":{\"@id\":\"https:\\\/\\\/www.dimarco.it\\\/notizie\\\/di-marco-a-cibus-parma-welcome-to-foodland#primaryimage\"},\"image\":{\"@id\":\"https:\\\/\\\/www.dimarco.it\\\/notizie\\\/di-marco-a-cibus-parma-welcome-to-foodland#primaryimage\"},\"thumbnailUrl\":\"https:\\\/\\\/www.dimarco.it\\\/wp-content\\\/uploads\\\/2025\\\/01\\\/di_marco_cibus_2022.jpg\",\"datePublished\":\"2022-05-02T19:34:00+00:00\",\"dateModified\":\"2025-04-01T14:00:47+00:00\",\"description\":\"Dal 3 al 6 maggio saremo presenti al Salone di Parma con un vasto spazio espositivo nel quale sar\u00e0 possibile conoscere l\u2019ampia gamma di farine professionali e gustare Nuvola.\",\"breadcrumb\":{\"@id\":\"https:\\\/\\\/www.dimarco.it\\\/notizie\\\/di-marco-a-cibus-parma-welcome-to-foodland#breadcrumb\"},\"inLanguage\":\"fr-FR\",\"potentialAction\":[{\"@type\":\"ReadAction\",\"target\":[\"https:\\\/\\\/www.dimarco.it\\\/notizie\\\/di-marco-a-cibus-parma-welcome-to-foodland\"]}]},{\"@type\":\"ImageObject\",\"inLanguage\":\"fr-FR\",\"@id\":\"https:\\\/\\\/www.dimarco.it\\\/notizie\\\/di-marco-a-cibus-parma-welcome-to-foodland#primaryimage\",\"url\":\"https:\\\/\\\/www.dimarco.it\\\/wp-content\\\/uploads\\\/2025\\\/01\\\/di_marco_cibus_2022.jpg\",\"contentUrl\":\"https:\\\/\\\/www.dimarco.it\\\/wp-content\\\/uploads\\\/2025\\\/01\\\/di_marco_cibus_2022.jpg\",\"width\":1200,\"height\":630,\"caption\":\"di_marco_cibus_2022\"},{\"@type\":\"BreadcrumbList\",\"@id\":\"https:\\\/\\\/www.dimarco.it\\\/notizie\\\/di-marco-a-cibus-parma-welcome-to-foodland#breadcrumb\",\"itemListElement\":[{\"@type\":\"ListItem\",\"position\":1,\"name\":\"Home\",\"item\":\"https:\\\/\\\/www.dimarco.it\\\/\"},{\"@type\":\"ListItem\",\"position\":2,\"name\":\"Di Marco a Cibus Parma: welcome to foodland!\"}]},{\"@type\":\"WebSite\",\"@id\":\"https:\\\/\\\/www.dimarco.it\\\/#website\",\"url\":\"https:\\\/\\\/www.dimarco.it\\\/\",\"name\":\"Di Marco\",\"description\":\"\",\"publisher\":{\"@id\":\"https:\\\/\\\/www.dimarco.it\\\/#organization\"},\"potentialAction\":[{\"@type\":\"SearchAction\",\"target\":{\"@type\":\"EntryPoint\",\"urlTemplate\":\"https:\\\/\\\/www.dimarco.it\\\/?s={search_term_string}\"},\"query-input\":{\"@type\":\"PropertyValueSpecification\",\"valueRequired\":true,\"valueName\":\"search_term_string\"}}],\"inLanguage\":\"fr-FR\"},{\"@type\":\"Organization\",\"@id\":\"https:\\\/\\\/www.dimarco.it\\\/#organization\",\"name\":\"Di Marco\",\"url\":\"https:\\\/\\\/www.dimarco.it\\\/\",\"logo\":{\"@type\":\"ImageObject\",\"inLanguage\":\"fr-FR\",\"@id\":\"https:\\\/\\\/www.dimarco.it\\\/#\\\/schema\\\/logo\\\/image\\\/\",\"url\":\"https:\\\/\\\/www.dimarco.it\\\/wp-content\\\/uploads\\\/2024\\\/11\\\/DI-MARCO_LOGO_Corporate-2024Positivo.svg\",\"contentUrl\":\"https:\\\/\\\/www.dimarco.it\\\/wp-content\\\/uploads\\\/2024\\\/11\\\/DI-MARCO_LOGO_Corporate-2024Positivo.svg\",\"width\":338,\"height\":95,\"caption\":\"Di Marco\"},\"image\":{\"@id\":\"https:\\\/\\\/www.dimarco.it\\\/#\\\/schema\\\/logo\\\/image\\\/\"}},{\"@type\":\"Person\",\"@id\":\"https:\\\/\\\/www.dimarco.it\\\/#\\\/schema\\\/person\\\/1f5d7270668e519d817b3cae0a1eb5ec\",\"name\":\"DiMarcAdmin\",\"image\":{\"@type\":\"ImageObject\",\"inLanguage\":\"fr-FR\",\"@id\":\"https:\\\/\\\/secure.gravatar.com\\\/avatar\\\/478c03fd22885498819fdc01505a896cee4f1a154787c4dd8a20194c75b2fd3e?s=96&d=mm&r=g\",\"url\":\"https:\\\/\\\/secure.gravatar.com\\\/avatar\\\/478c03fd22885498819fdc01505a896cee4f1a154787c4dd8a20194c75b2fd3e?s=96&d=mm&r=g\",\"contentUrl\":\"https:\\\/\\\/secure.gravatar.com\\\/avatar\\\/478c03fd22885498819fdc01505a896cee4f1a154787c4dd8a20194c75b2fd3e?s=96&d=mm&r=g\",\"caption\":\"DiMarcAdmin\"},\"sameAs\":[\"https:\\\/\\\/dev.adfr.it\\\/dimarco\"],\"url\":\"https:\\\/\\\/www.dimarco.it\\\/fr\\\/author\\\/dimarcadmin\"}]}<\/script>\n<!-- \/ Yoast SEO plugin. -->","yoast_head_json":{"title":"Di Marco chez Cibus Parma\u00a0: bienvenue au pays de la gastronomie\u00a0! - Di Marco","description":"Du 3 au 6 mai, nous serons pr\u00e9sents au Salone di Parma avec un grand espace d&#039;exposition o\u00f9 il sera possible de d\u00e9couvrir la large gamme de farines professionnelles et de d\u00e9guster Nuvola.","robots":{"index":"index","follow":"follow","max-snippet":"max-snippet:-1","max-image-preview":"max-image-preview:large","max-video-preview":"max-video-preview:-1"},"canonical":"https:\/\/www.dimarco.it\/fr\/nouvelles\/par-marco-chez-cibus-parma-bienvenue-a-foodland\/","og_locale":"fr_FR","og_type":"article","og_title":"Di Marco a Cibus Parma: welcome to foodland! - Di Marco","og_description":"Dal 3 al 6 maggio saremo presenti al Salone di Parma con un vasto spazio espositivo nel quale sar\u00e0 possibile conoscere l\u2019ampia gamma di farine professionali e gustare Nuvola.","og_url":"https:\/\/www.dimarco.it\/fr\/nouvelles\/par-marco-chez-cibus-parma-bienvenue-a-foodland\/","og_site_name":"Di Marco","article_published_time":"2022-05-02T19:34:00+00:00","article_modified_time":"2025-04-01T14:00:47+00:00","og_image":[{"width":1200,"height":630,"url":"https:\/\/www.dimarco.it\/wp-content\/uploads\/2025\/01\/di_marco_cibus_2022.jpg","type":"image\/jpeg"}],"author":"DiMarcAdmin","twitter_card":"summary_large_image","twitter_misc":{"\u00c9crit par":"DiMarcAdmin","Dur\u00e9e de lecture estim\u00e9e":"2 minutes"},"schema":{"@context":"https:\/\/schema.org","@graph":[{"@type":"Article","@id":"https:\/\/www.dimarco.it\/notizie\/di-marco-a-cibus-parma-welcome-to-foodland#article","isPartOf":{"@id":"https:\/\/www.dimarco.it\/notizie\/di-marco-a-cibus-parma-welcome-to-foodland"},"author":{"name":"DiMarcAdmin","@id":"https:\/\/www.dimarco.it\/#\/schema\/person\/1f5d7270668e519d817b3cae0a1eb5ec"},"headline":"Di Marco a Cibus Parma: welcome to foodland!","datePublished":"2022-05-02T19:34:00+00:00","dateModified":"2025-04-01T14:00:47+00:00","mainEntityOfPage":{"@id":"https:\/\/www.dimarco.it\/notizie\/di-marco-a-cibus-parma-welcome-to-foodland"},"wordCount":389,"publisher":{"@id":"https:\/\/www.dimarco.it\/#organization"},"image":{"@id":"https:\/\/www.dimarco.it\/notizie\/di-marco-a-cibus-parma-welcome-to-foodland#primaryimage"},"thumbnailUrl":"https:\/\/www.dimarco.it\/wp-content\/uploads\/2025\/01\/di_marco_cibus_2022.jpg","articleSection":["Notizie"],"inLanguage":"fr-FR"},{"@type":"WebPage","@id":"https:\/\/www.dimarco.it\/notizie\/di-marco-a-cibus-parma-welcome-to-foodland","url":"https:\/\/www.dimarco.it\/notizie\/di-marco-a-cibus-parma-welcome-to-foodland","name":"Di Marco chez Cibus Parma\u00a0: bienvenue au pays de la gastronomie\u00a0! - Di Marco","isPartOf":{"@id":"https:\/\/www.dimarco.it\/#website"},"primaryImageOfPage":{"@id":"https:\/\/www.dimarco.it\/notizie\/di-marco-a-cibus-parma-welcome-to-foodland#primaryimage"},"image":{"@id":"https:\/\/www.dimarco.it\/notizie\/di-marco-a-cibus-parma-welcome-to-foodland#primaryimage"},"thumbnailUrl":"https:\/\/www.dimarco.it\/wp-content\/uploads\/2025\/01\/di_marco_cibus_2022.jpg","datePublished":"2022-05-02T19:34:00+00:00","dateModified":"2025-04-01T14:00:47+00:00","description":"Du 3 au 6 mai, nous serons pr\u00e9sents au Salone di Parma avec un grand espace d&#039;exposition o\u00f9 il sera possible de d\u00e9couvrir la large gamme de farines professionnelles et de d\u00e9guster Nuvola.","breadcrumb":{"@id":"https:\/\/www.dimarco.it\/notizie\/di-marco-a-cibus-parma-welcome-to-foodland#breadcrumb"},"inLanguage":"fr-FR","potentialAction":[{"@type":"ReadAction","target":["https:\/\/www.dimarco.it\/notizie\/di-marco-a-cibus-parma-welcome-to-foodland"]}]},{"@type":"ImageObject","inLanguage":"fr-FR","@id":"https:\/\/www.dimarco.it\/notizie\/di-marco-a-cibus-parma-welcome-to-foodland#primaryimage","url":"https:\/\/www.dimarco.it\/wp-content\/uploads\/2025\/01\/di_marco_cibus_2022.jpg","contentUrl":"https:\/\/www.dimarco.it\/wp-content\/uploads\/2025\/01\/di_marco_cibus_2022.jpg","width":1200,"height":630,"caption":"di_marco_cibus_2022"},{"@type":"BreadcrumbList","@id":"https:\/\/www.dimarco.it\/notizie\/di-marco-a-cibus-parma-welcome-to-foodland#breadcrumb","itemListElement":[{"@type":"ListItem","position":1,"name":"Home","item":"https:\/\/www.dimarco.it\/"},{"@type":"ListItem","position":2,"name":"Di Marco a Cibus Parma: welcome to foodland!"}]},{"@type":"WebSite","@id":"https:\/\/www.dimarco.it\/#website","url":"https:\/\/www.dimarco.it\/","name":"Di Marco","description":"","publisher":{"@id":"https:\/\/www.dimarco.it\/#organization"},"potentialAction":[{"@type":"SearchAction","target":{"@type":"EntryPoint","urlTemplate":"https:\/\/www.dimarco.it\/?s={search_term_string}"},"query-input":{"@type":"PropertyValueSpecification","valueRequired":true,"valueName":"search_term_string"}}],"inLanguage":"fr-FR"},{"@type":"Organization","@id":"https:\/\/www.dimarco.it\/#organization","name":"Di Marco","url":"https:\/\/www.dimarco.it\/","logo":{"@type":"ImageObject","inLanguage":"fr-FR","@id":"https:\/\/www.dimarco.it\/#\/schema\/logo\/image\/","url":"https:\/\/www.dimarco.it\/wp-content\/uploads\/2024\/11\/DI-MARCO_LOGO_Corporate-2024Positivo.svg","contentUrl":"https:\/\/www.dimarco.it\/wp-content\/uploads\/2024\/11\/DI-MARCO_LOGO_Corporate-2024Positivo.svg","width":338,"height":95,"caption":"Di Marco"},"image":{"@id":"https:\/\/www.dimarco.it\/#\/schema\/logo\/image\/"}},{"@type":"Person","@id":"https:\/\/www.dimarco.it\/#\/schema\/person\/1f5d7270668e519d817b3cae0a1eb5ec","name":"Par MarcAdmin","image":{"@type":"ImageObject","inLanguage":"fr-FR","@id":"https:\/\/secure.gravatar.com\/avatar\/478c03fd22885498819fdc01505a896cee4f1a154787c4dd8a20194c75b2fd3e?s=96&d=mm&r=g","url":"https:\/\/secure.gravatar.com\/avatar\/478c03fd22885498819fdc01505a896cee4f1a154787c4dd8a20194c75b2fd3e?s=96&d=mm&r=g","contentUrl":"https:\/\/secure.gravatar.com\/avatar\/478c03fd22885498819fdc01505a896cee4f1a154787c4dd8a20194c75b2fd3e?s=96&d=mm&r=g","caption":"DiMarcAdmin"},"sameAs":["https:\/\/dev.adfr.it\/dimarco"],"url":"https:\/\/www.dimarco.it\/fr\/author\/dimarcadmin"}]}},"_links":{"self":[{"href":"https:\/\/www.dimarco.it\/fr\/wp-json\/wp\/v2\/posts\/1263","targetHints":{"allow":["GET"]}}],"collection":[{"href":"https:\/\/www.dimarco.it\/fr\/wp-json\/wp\/v2\/posts"}],"about":[{"href":"https:\/\/www.dimarco.it\/fr\/wp-json\/wp\/v2\/types\/post"}],"author":[{"embeddable":true,"href":"https:\/\/www.dimarco.it\/fr\/wp-json\/wp\/v2\/users\/1"}],"replies":[{"embeddable":true,"href":"https:\/\/www.dimarco.it\/fr\/wp-json\/wp\/v2\/comments?post=1263"}],"version-history":[{"count":0,"href":"https:\/\/www.dimarco.it\/fr\/wp-json\/wp\/v2\/posts\/1263\/revisions"}],"wp:featuredmedia":[{"embeddable":true,"href":"https:\/\/www.dimarco.it\/fr\/wp-json\/wp\/v2\/media\/1264"}],"wp:attachment":[{"href":"https:\/\/www.dimarco.it\/fr\/wp-json\/wp\/v2\/media?parent=1263"}],"wp:term":[{"taxonomy":"category","embeddable":true,"href":"https:\/\/www.dimarco.it\/fr\/wp-json\/wp\/v2\/categories?post=1263"},{"taxonomy":"post_tag","embeddable":true,"href":"https:\/\/www.dimarco.it\/fr\/wp-json\/wp\/v2\/tags?post=1263"}],"curies":[{"name":"wp","href":"https:\/\/api.w.org\/{rel}","templated":true}]}}